{"id":1071,"date":"2021-02-05T18:35:41","date_gmt":"2021-02-05T17:35:41","guid":{"rendered":"http:\/\/sfej.asso.fr\/?p=1071"},"modified":"2021-02-05T18:36:29","modified_gmt":"2021-02-05T17:36:29","slug":"conference-10-ans-apres-fukushima-rencontres-du-lundi-de-lifrae-8-fevrier-2021-18h","status":"publish","type":"post","link":"http:\/\/sfej.asso.fr\/?p=1071","title":{"rendered":"Conf\u00e9rence \/ \u00ab\u00a010 ans apr\u00e8s Fukushima &#8211; Environnement et catastrophe : approches litt\u00e9raire et politique\u00a0\u00bb, Rencontres du lundi de l&rsquo;IFRAE (8 f\u00e9vrier 2021, 18h)"},"content":{"rendered":"\n<p>l&rsquo;IFRAE vous annonce la tenue de la deuxi\u00e8me Rencontres du Lundi intitul\u00e9 \u00ab\u00a010 ans apr\u00e8s Fukushima &#8211; Environnement et catastrophes : approches litt\u00e9raire et politique \u00a0\u00bb qui se d\u00e9roulera le&nbsp;<strong>8 f\u00e9vrier&nbsp;2021&nbsp;de 18h \u00e0 19h15 \u00e0 distance via Zoom<\/strong> (merci de contacter les organisateurs afin d&rsquo;obtenir le lien vers la conf\u00e9rence : rencontresdulundi.ifrae@inalco.fr).<\/p>\n\n\n\n<p><br>La conf\u00e9rence sera suivie d&rsquo;une s\u00e9ance de questions-r\u00e9ponses avec le public.&nbsp;<\/p>\n\n\n\n<p>Avec&nbsp;<br><strong>Anne Bayard-Sakai<\/strong>, professeur des universit\u00e9s :&nbsp;Fukushima et le&nbsp;11 mars 2011&nbsp;\u00e0 travers la litt\u00e9rature<br><strong>Jean-Fran\u00e7ois Huchet<\/strong>,&nbsp;professeur des universit\u00e9s&nbsp;:&nbsp;Politiques publiques et environnement en Chine<br><strong>Guibourg Delamotte<\/strong>, ma\u00eetre de conf\u00e9rences habilit\u00e9e :&nbsp;Fukushima et la gouvernance d\u2019un secteur strat\u00e9gique \u2013 le\u00e7ons de d\u00e9mocratie<br><br>Publications :<br><strong>Anne Bayard-Sakai<\/strong>,<br>\u00ab&nbsp; Quelle marge d\u2019\u00e9criture ? A propos des normes et de l\u2019invention apr\u00e8s le&nbsp;11 mars 2011&nbsp;\u00bb, in C. Doumet et M. Ferrier (ed),&nbsp;Penser avec Fukushima, Editions C\u00e9cile Defaut, 2016, p. 39-57.<br>&nbsp;\u00ab Janru to shite no shinsaigo bungaku to hy\u00f4sh\u00f4 no genkai \u00bb (La litt\u00e9rature de l\u2019apr\u00e8s-d\u00e9sastre comme genre et les limites de la repr\u00e9sentation \u00bb, in Tsuboi H. et S. Richter (ed),&nbsp;Sekai no naka no posuto&nbsp;3.11, Shin.y\u00f4sha, 2019, p. 190-217.<br>&nbsp;\u00ab&nbsp;Goraku sh\u00f4setsu to shite no shinsaigo sh\u00f4setsu, mata wa mitomerarezaru 3.11 go bungaku ni tsuite&nbsp;\u00bb (Les romans de l\u2019apr\u00e8s-d\u00e9sastre et le divertissement, ou la litt\u00e9rature de l\u2019apr\u00e8s 11 mars d\u00e9ni\u00e9e), in Kimura S. (ed.),&nbsp;Sekai bungaku to shite no posuto&nbsp;3.11 bungaku, Akashi shoten, 2021, p.485-498.<br><strong>Guibourg Delamotte<\/strong>&nbsp;(dir.),&nbsp;<br>Le Japon dans le monde, CNRS Editions, 2019, 254p.&nbsp;<br>Japan\u2019s World Power. Assessment, Outlook and Vision, Routledge, Londres, 2017, 196p.<br>\u00ab Fukushima, crise d\u2019un mod\u00e8le de gouvernance \u00bb,&nbsp;Critique internationale, n\u00b059, avril-mai 2013, p.107-117.<br><strong>Jean-Fran\u00e7ois Huchet<\/strong>,<br>La crise environnementale en Chine. \u00c9volutions et limites des politiques publiques, Paris, Presses de SciencesPo, 2016, 154 p.<br>Avec J. Ruet et X. Richet,&nbsp;Chine, Inde: les firmes au c\u0153ur de l\u2019\u00e9mergence, Presses Universitaires de Rennes, Rennes, 2015.<\/p>\n\n\n\n<p>Lien vers le poster de l&rsquo;\u00e9v\u00e9nement : <a href=\"http:\/\/sfej.asso.fr\/wp-content\/uploads\/2021\/02\/8_fevrier_2021_Rencontre_du_Lundi_IFRAE_Flyer.pdf\">ici<\/a><\/p>\n","protected":false},"excerpt":{"rendered":"<p>l&rsquo;IFRAE vous annonce la tenue de la deuxi\u00e8me Rencontres du Lundi intitul\u00e9 \u00ab\u00a010 ans apr\u00e8s Fukushima &#8211; Environnement et catastrophes : approches litt\u00e9raire et politique \u00a0\u00bb qui se d\u00e9roulera le&nbsp;8 f\u00e9vrier&nbsp;2021&nbsp;de 18h \u00e0 19h15 \u00e0 distance via Zoom (merci de&hellip;&nbsp;<a href=\"http:\/\/sfej.asso.fr\/?p=1071\" class=\"more-link\">Lire la suite<\/a><\/p>\n","protected":false},"author":3,"featured_media":1072,"comment_status":"closed","ping_status":"closed","sticky":false,"template":"","format":"standard","meta":{"_EventAllDay":false,"_EventTimezone":"","_EventStartDate":"","_EventEndDate":"","_EventStartDateUTC":"","_EventEndDateUTC":"","_EventShowMap":false,"_EventShowMapLink":false,"_EventURL":"","_EventCost":"","_EventCostDescription":"","_EventCurrencySymbol":"","_EventCurrencyCode":"","_EventCurrencyPosition":"","_EventDateTimeSeparator":"","_EventTimeRangeSeparator":"","_EventOrganizerID":[],"_EventVenueID":[],"_OrganizerEmail":"","_OrganizerPhone":"","_OrganizerWebsite":"","_VenueAddress":"","_VenueCity":"","_VenueCountry":"","_VenueProvince":"","_VenueState":"","_VenueZip":"","_VenuePhone":"","_VenueURL":"","_VenueStateProvince":"","_VenueLat":"","_VenueLng":"","_VenueShowMap":false,"_VenueShowMapLink":false,"footnotes":""},"categories":[28,31],"tags":[214,216,215,196,46,217],"class_list":["post-1071","post","type-post","status-publish","format-standard","has-post-thumbnail","hentry","category-actualites","category-conference","tag-11-mars-2011","tag-catastrophe","tag-environnement","tag-fukushima","tag-litterature","tag-politique"],"_links":{"self":[{"href":"http:\/\/sfej.asso.fr\/index.php?rest_route=\/wp\/v2\/posts\/1071","targetHints":{"allow":["GET"]}}],"collection":[{"href":"http:\/\/sfej.asso.fr\/index.php?rest_route=\/wp\/v2\/posts"}],"about":[{"href":"http:\/\/sfej.asso.fr\/index.php?rest_route=\/wp\/v2\/types\/post"}],"author":[{"embeddable":true,"href":"http:\/\/sfej.asso.fr\/index.php?rest_route=\/wp\/v2\/users\/3"}],"replies":[{"embeddable":true,"href":"http:\/\/sfej.asso.fr\/index.php?rest_route=%2Fwp%2Fv2%2Fcomments&post=1071"}],"version-history":[{"count":2,"href":"http:\/\/sfej.asso.fr\/index.php?rest_route=\/wp\/v2\/posts\/1071\/revisions"}],"predecessor-version":[{"id":1074,"href":"http:\/\/sfej.asso.fr\/index.php?rest_route=\/wp\/v2\/posts\/1071\/revisions\/1074"}],"wp:featuredmedia":[{"embeddable":true,"href":"http:\/\/sfej.asso.fr\/index.php?rest_route=\/wp\/v2\/media\/1072"}],"wp:attachment":[{"href":"http:\/\/sfej.asso.fr\/index.php?rest_route=%2Fwp%2Fv2%2Fmedia&parent=1071"}],"wp:term":[{"taxonomy":"category","embeddable":true,"href":"http:\/\/sfej.asso.fr\/index.php?rest_route=%2Fwp%2Fv2%2Fcategories&post=1071"},{"taxonomy":"post_tag","embeddable":true,"href":"http:\/\/sfej.asso.fr\/index.php?rest_route=%2Fwp%2Fv2%2Ftags&post=1071"}],"curies":[{"name":"wp","href":"https:\/\/api.w.org\/{rel}","templated":true}]}}