{"id":1155,"date":"2021-02-18T21:55:42","date_gmt":"2021-02-18T20:55:42","guid":{"rendered":"http:\/\/sfej.asso.fr\/?p=1155"},"modified":"2021-02-18T22:09:15","modified_gmt":"2021-02-18T21:09:15","slug":"poste-recrutement-dun-a-deux-postes-dater-au-departement-de-japonais-de-luniversite-toulouse-jean-jaures-pour-lannee-2021-2022","status":"publish","type":"post","link":"http:\/\/sfej.asso.fr\/?p=1155","title":{"rendered":"Poste \/ Recrutement d&rsquo;un \u00e0 deux ATER au d\u00e9partement de japonais de l&rsquo;Universit\u00e9 Toulouse &#8211; Jean Jaur\u00e8s pour l&rsquo;ann\u00e9e 2021-2022"},"content":{"rendered":"\n<p>La section de japonais de l\u2019Universit\u00e9 Toulouse &#8211; Jean Jaur\u00e8s recrute 1 \u00e0 2&nbsp;<strong>ATER<\/strong>&nbsp;pour l&rsquo;ann\u00e9e 2021-2022 :<\/p>\n\n\n\n<p><a href=\"https:\/\/www.univ-tlse2.fr\/accueil\/recrutements-et-concours\/emplois-enseignants\/campagne-de-recrutement-dater-2021-2022\">https:\/\/www.univ-tlse2.fr\/accueil\/recrutements-et-concours\/emplois-enseignants\/campagne-de-recrutement-dater-2021-2022<\/a><\/p>\n\n\n\n<p>La campagne de recrutement d&rsquo;ATER 2021-2022 est ouverte&nbsp;<strong>du 8 f\u00e9vrier 2021 au 8 mars<\/strong>&nbsp;2021.<\/p>\n\n\n\n<p>Les candidats doivent d\u2019abord s\u2019inscrire sur GALAXIE, module ALTAIR, puis d\u00e9poser leur dossier complet par voie d\u00e9mat\u00e9rialis\u00e9e, sur l&rsquo;application dematATER (date limite de d\u00e9p\u00f4t des dossiers, mercredi 10 mars 2021, 16h00)<\/p>\n\n\n\n<p>Attention :<br>L\u2019application ALTAIR ne sera plus accessible au-del\u00e0 du : Lundi 8 mars 2021, 16 heures<br>Et<br>L\u2019application dematATER au-del\u00e0 du : mercredi 10 mars 2021, 16 heures.<br>Il est donc recommand\u00e9 de t\u00e9l\u00e9charger les pi\u00e8ces justificatives suffisamment t\u00f4t.<br><br>Contact :<br><a href=\"mailto:esupdematater@univ-tlse2.fr\">esupdematater@univ-tlse2.fr<\/a><\/p>\n\n\n\n<p>Vous trouverez des informations sur les conditions de recrutement ici :<br><a href=\"https:\/\/www.univ-tlse2.fr\/accueil\/recrutements-et-concours\/emplois-enseignants\/conditions-de-recrutement-des-attaches-temporaires-denseignement-et-de-recherche-ater-1\">https:\/\/www.univ-tlse2.fr\/accueil\/recrutements-et-concours\/emplois-enseignants\/conditions-de-recrutement-des-attaches-temporaires-denseignement-et-de-recherche-ater-1<\/a><\/p>\n","protected":false},"excerpt":{"rendered":"<p>La section de japonais de l\u2019Universit\u00e9 Toulouse &#8211; Jean Jaur\u00e8s recrute 1 \u00e0 2&nbsp;ATER&nbsp;pour l&rsquo;ann\u00e9e 2021-2022 : https:\/\/www.univ-tlse2.fr\/accueil\/recrutements-et-concours\/emplois-enseignants\/campagne-de-recrutement-dater-2021-2022 La campagne de recrutement d&rsquo;ATER 2021-2022 est ouverte&nbsp;du 8 f\u00e9vrier 2021 au 8 mars&nbsp;2021. Les candidats doivent d\u2019abord s\u2019inscrire sur GALAXIE, module&hellip;&nbsp;<a href=\"http:\/\/sfej.asso.fr\/?p=1155\" class=\"more-link\">Lire la suite<\/a><\/p>\n","protected":false},"author":3,"featured_media":0,"comment_status":"closed","ping_status":"closed","sticky":false,"template":"","format":"standard","meta":{"_EventAllDay":false,"_EventTimezone":"","_EventStartDate":"","_EventEndDate":"","_EventStartDateUTC":"","_EventEndDateUTC":"","_EventShowMap":false,"_EventShowMapLink":false,"_EventURL":"","_EventCost":"","_EventCostDescription":"","_EventCurrencySymbol":"","_EventCurrencyCode":"","_EventCurrencyPosition":"","_EventDateTimeSeparator":"","_EventTimeRangeSeparator":"","_EventOrganizerID":[],"_EventVenueID":[],"_OrganizerEmail":"","_OrganizerPhone":"","_OrganizerWebsite":"","_VenueAddress":"","_VenueCity":"","_VenueCountry":"","_VenueProvince":"","_VenueState":"","_VenueZip":"","_VenuePhone":"","_VenueURL":"","_VenueStateProvince":"","_VenueLat":"","_VenueLng":"","_VenueShowMap":false,"_VenueShowMapLink":false,"footnotes":""},"categories":[28,33],"tags":[],"class_list":["post-1155","post","type-post","status-publish","format-standard","hentry","category-actualites","category-poste"],"_links":{"self":[{"href":"http:\/\/sfej.asso.fr\/index.php?rest_route=\/wp\/v2\/posts\/1155","targetHints":{"allow":["GET"]}}],"collection":[{"href":"http:\/\/sfej.asso.fr\/index.php?rest_route=\/wp\/v2\/posts"}],"about":[{"href":"http:\/\/sfej.asso.fr\/index.php?rest_route=\/wp\/v2\/types\/post"}],"author":[{"embeddable":true,"href":"http:\/\/sfej.asso.fr\/index.php?rest_route=\/wp\/v2\/users\/3"}],"replies":[{"embeddable":true,"href":"http:\/\/sfej.asso.fr\/index.php?rest_route=%2Fwp%2Fv2%2Fcomments&post=1155"}],"version-history":[{"count":2,"href":"http:\/\/sfej.asso.fr\/index.php?rest_route=\/wp\/v2\/posts\/1155\/revisions"}],"predecessor-version":[{"id":1157,"href":"http:\/\/sfej.asso.fr\/index.php?rest_route=\/wp\/v2\/posts\/1155\/revisions\/1157"}],"wp:attachment":[{"href":"http:\/\/sfej.asso.fr\/index.php?rest_route=%2Fwp%2Fv2%2Fmedia&parent=1155"}],"wp:term":[{"taxonomy":"category","embeddable":true,"href":"http:\/\/sfej.asso.fr\/index.php?rest_route=%2Fwp%2Fv2%2Fcategories&post=1155"},{"taxonomy":"post_tag","embeddable":true,"href":"http:\/\/sfej.asso.fr\/index.php?rest_route=%2Fwp%2Fv2%2Ftags&post=1155"}],"curies":[{"name":"wp","href":"https:\/\/api.w.org\/{rel}","templated":true}]}}