{"id":1165,"date":"2021-02-22T09:26:08","date_gmt":"2021-02-22T08:26:08","guid":{"rendered":"http:\/\/sfej.asso.fr\/?p=1165"},"modified":"2021-02-22T09:26:09","modified_gmt":"2021-02-22T08:26:09","slug":"conference-agenda-de-lefeo-mars-2021","status":"publish","type":"post","link":"http:\/\/sfej.asso.fr\/?p=1165","title":{"rendered":"Conf\u00e9rence \/ Agenda de l&rsquo;EFEO, mars 2021"},"content":{"rendered":"\n<p><strong>L&rsquo;EFEO\/ISEAS Kyoto organise r\u00e9guli\u00e8rement des \u00e9v\u00e9nements acad\u00e9miques (conf\u00e9rences, journ\u00e9es d\u2019\u00e9tude). Les activit\u00e9s du centre figurent sur l\u2019agenda de l\u2019EFEO qui est consultable en ligne (<a rel=\"noreferrer noopener\" href=\"https:\/\/www.efeo.fr\/\" target=\"_blank\">https:\/\/www.efeo.fr\/<\/a>), sur notre page Facebook (<a rel=\"noreferrer noopener\" href=\"https:\/\/www.facebook.com\/efeokyoto\/\" target=\"_blank\">https:\/\/www.facebook.com\/efeokyoto\/<\/a>) ou sur le site de la Scuola italiana di studi sull&rsquo;asia orientale (ISEAS ;\u00a0<a rel=\"noreferrer noopener\" href=\"https:\/\/iseas-kyoto.org\/\" target=\"_blank\">https:\/\/iseas-kyoto.org\/<\/a>). <\/strong><\/p>\n\n\n\n<p><\/p>\n\n\n\n<p><strong>Deux conf\u00e9rences sont au programme en mars. Elles se tiendront uniquement en ligne. Nos \u00e9v\u00e9nements sont ouverts \u00e0 tous. N\u2019h\u00e9sitez pas \u00e0 transmettre l\u2019information \u00e0 vos \u00e9tudiants ou coll\u00e8gues.\u00a0<br>Agenda EFEO Kyoto (mars 2021)<br>Kyoto lectures :\u00a0<\/strong><\/p>\n\n\n\n<p><br>&#8211;\u00a0Thomas French (universit\u00e9 Ritsumeikan)\u00a0pr\u00e9sente la conf\u00e9rence :\u00a0<em>\u2018Tommy Atkins\u2019 in Japan Examining the British Garrison of Yokohama (1864-1875) through First Person Accounts<\/em>.\u00a0Lundi 8 mars \u00e0 18h (heure du Japon) sur la plateforme Zoom.\u00a0<br><\/p>\n\n\n\n<p>&#8211;\u00a0Brian Ruppert (universit\u00e9 de Kanagawa)\u00a0pr\u00e9sente la conf\u00e9rence :\u00a0<em>Scriptures and Their Deployment: Great Notes (<\/em>Maka sh\u014d<em>), Raishin\u2019s Notes (<\/em>Raishin sh\u014d<em>), and the Sacred Works (<\/em>Sh\u014dgy\u014d<em>) of Early Medieval Japan<\/em>.\u00a0Jeudi 25 mars \u00e0 18h (heure du Japon) sur la plateforme Zoom.\u00a0<\/p>\n\n\n\n<p><br>Les liens ainsi que les mots de passe permettant de se connecter seront affich\u00e9s sur le blog du Centre de Ky\u014dto et sur le site internet de l\u2019ISEAS la veille de ces conf\u00e9rences (le 7 et le 24 donc).<\/p>\n","protected":false},"excerpt":{"rendered":"<p>L&rsquo;EFEO\/ISEAS Kyoto organise r\u00e9guli\u00e8rement des \u00e9v\u00e9nements acad\u00e9miques (conf\u00e9rences, journ\u00e9es d\u2019\u00e9tude). Les activit\u00e9s du centre figurent sur l\u2019agenda de l\u2019EFEO qui est consultable en ligne (https:\/\/www.efeo.fr\/), sur notre page Facebook (https:\/\/www.facebook.com\/efeokyoto\/) ou sur le site de la Scuola italiana di studi&hellip;&nbsp;<a href=\"http:\/\/sfej.asso.fr\/?p=1165\" class=\"more-link\">Lire la suite<\/a><\/p>\n","protected":false},"author":3,"featured_media":0,"comment_status":"closed","ping_status":"closed","sticky":false,"template":"","format":"standard","meta":{"_EventAllDay":false,"_EventTimezone":"","_EventStartDate":"","_EventEndDate":"","_EventStartDateUTC":"","_EventEndDateUTC":"","_EventShowMap":false,"_EventShowMapLink":false,"_EventURL":"","_EventCost":"","_EventCostDescription":"","_EventCurrencySymbol":"","_EventCurrencyCode":"","_EventCurrencyPosition":"","_EventDateTimeSeparator":"","_EventTimeRangeSeparator":"","_EventOrganizerID":[],"_EventVenueID":[],"_OrganizerEmail":"","_OrganizerPhone":"","_OrganizerWebsite":"","_VenueAddress":"","_VenueCity":"","_VenueCountry":"","_VenueProvince":"","_VenueState":"","_VenueZip":"","_VenuePhone":"","_VenueURL":"","_VenueStateProvince":"","_VenueLat":"","_VenueLng":"","_VenueShowMap":false,"_VenueShowMapLink":false,"footnotes":""},"categories":[28,31],"tags":[],"class_list":["post-1165","post","type-post","status-publish","format-standard","hentry","category-actualites","category-conference"],"_links":{"self":[{"href":"http:\/\/sfej.asso.fr\/index.php?rest_route=\/wp\/v2\/posts\/1165","targetHints":{"allow":["GET"]}}],"collection":[{"href":"http:\/\/sfej.asso.fr\/index.php?rest_route=\/wp\/v2\/posts"}],"about":[{"href":"http:\/\/sfej.asso.fr\/index.php?rest_route=\/wp\/v2\/types\/post"}],"author":[{"embeddable":true,"href":"http:\/\/sfej.asso.fr\/index.php?rest_route=\/wp\/v2\/users\/3"}],"replies":[{"embeddable":true,"href":"http:\/\/sfej.asso.fr\/index.php?rest_route=%2Fwp%2Fv2%2Fcomments&post=1165"}],"version-history":[{"count":1,"href":"http:\/\/sfej.asso.fr\/index.php?rest_route=\/wp\/v2\/posts\/1165\/revisions"}],"predecessor-version":[{"id":1166,"href":"http:\/\/sfej.asso.fr\/index.php?rest_route=\/wp\/v2\/posts\/1165\/revisions\/1166"}],"wp:attachment":[{"href":"http:\/\/sfej.asso.fr\/index.php?rest_route=%2Fwp%2Fv2%2Fmedia&parent=1165"}],"wp:term":[{"taxonomy":"category","embeddable":true,"href":"http:\/\/sfej.asso.fr\/index.php?rest_route=%2Fwp%2Fv2%2Fcategories&post=1165"},{"taxonomy":"post_tag","embeddable":true,"href":"http:\/\/sfej.asso.fr\/index.php?rest_route=%2Fwp%2Fv2%2Ftags&post=1165"}],"curies":[{"name":"wp","href":"https:\/\/api.w.org\/{rel}","templated":true}]}}