{"id":1379,"date":"2021-04-17T12:22:34","date_gmt":"2021-04-17T10:22:34","guid":{"rendered":"http:\/\/sfej.asso.fr\/?p=1379"},"modified":"2021-04-17T12:30:48","modified_gmt":"2021-04-17T10:30:48","slug":"poste-recrutement-de-deux-ater-au-departement-de-japonais-de-luniversite-de-strasbourg-pour-lannee-2021-2022-date-limite-23-avril-2021","status":"publish","type":"post","link":"http:\/\/sfej.asso.fr\/?p=1379","title":{"rendered":"Poste \/ Recrutement de deux ATER au d\u00e9partement de japonais de l&rsquo;Universit\u00e9 de Strasbourg pour l&rsquo;ann\u00e9e 2021-2022 (date limite 23 avril 2021)."},"content":{"rendered":"\n<h2 class=\"wp-block-heading\">Recrutement de deux ATER au d\u00e9partement de japonais de l&rsquo;Universit\u00e9 de Strasbourg pour l&rsquo;ann\u00e9e 2021-2022<\/h2>\n\n\n\n<p>Le d\u00e9partement de japonais de l&rsquo;Universit\u00e9 de Strasbourg lance une campagne d\u2019appels \u00e0 candidature pour l\u2019exercice des fonctions d\u2019Attach\u00e9s temporaires d\u2019enseignement et de recherche (ATER) au titre de l\u2019ann\u00e9e universitaire 2021-2022, en vue d\u2019une prise de fonctions au 1er septembre 2021, 1er octobre 2021 ou 1er novembre 2021, selon les besoins de l\u2019\u00e9tablissement. Les appels \u00e0 candidature sont publi\u00e9s sur l\u2019application minist\u00e9rielle ALTAIR.<\/p>\n\n\n\n<p>Les deux postes sont publi\u00e9s sur Galaxie, sous les n\u00b0 4978 et 4979<br><a href=\"https:\/\/www.galaxie.enseignementsup-recherche.gouv.fr\/ensup\/ATERListesOffresPubliees\/ATEROffres_publiees_TriParSection.html\">https:\/\/www.galaxie.enseignementsup-recherche.gouv.fr\/ensup\/ATERListesOffresPubliees\/ATEROffres_publiees_TriParSection.html<\/a><\/p>\n\n\n\n<p><strong>Dates limites pour les candidatures : 23 avril 2021<\/strong><\/p>\n\n\n\n<p><br>Page d\u00e9di\u00e9e aux candidatures d&rsquo;ATER sur le site de l&rsquo;universit\u00e9 de Strasbourg :<br><a href=\"https:\/\/www.unistra.fr\/recrutement\/personnels-enseignants\/attaches-temporaires-denseignement-et-de-recherche-ater\">https:\/\/www.unistra.fr\/recrutement\/personnels-enseignants\/attaches-temporaires-denseignement-et-de-recherche-ater<\/a><\/p>\n","protected":false},"excerpt":{"rendered":"<p>Recrutement de deux ATER au d\u00e9partement de japonais de l&rsquo;Universit\u00e9 de Strasbourg pour l&rsquo;ann\u00e9e 2021-2022 Le d\u00e9partement de japonais de l&rsquo;Universit\u00e9 de Strasbourg lance une campagne d\u2019appels \u00e0 candidature pour l\u2019exercice des fonctions d\u2019Attach\u00e9s temporaires d\u2019enseignement et de recherche (ATER)&hellip;&nbsp;<a href=\"http:\/\/sfej.asso.fr\/?p=1379\" class=\"more-link\">Lire la suite<\/a><\/p>\n","protected":false},"author":3,"featured_media":0,"comment_status":"closed","ping_status":"closed","sticky":false,"template":"","format":"standard","meta":{"_EventAllDay":false,"_EventTimezone":"","_EventStartDate":"","_EventEndDate":"","_EventStartDateUTC":"","_EventEndDateUTC":"","_EventShowMap":false,"_EventShowMapLink":false,"_EventURL":"","_EventCost":"","_EventCostDescription":"","_EventCurrencySymbol":"","_EventCurrencyCode":"","_EventCurrencyPosition":"","_EventDateTimeSeparator":"","_EventTimeRangeSeparator":"","_EventOrganizerID":[],"_EventVenueID":[],"_OrganizerEmail":"","_OrganizerPhone":"","_OrganizerWebsite":"","_VenueAddress":"","_VenueCity":"","_VenueCountry":"","_VenueProvince":"","_VenueState":"","_VenueZip":"","_VenuePhone":"","_VenueURL":"","_VenueStateProvince":"","_VenueLat":"","_VenueLng":"","_VenueShowMap":false,"_VenueShowMapLink":false,"footnotes":""},"categories":[28,33],"tags":[],"class_list":["post-1379","post","type-post","status-publish","format-standard","hentry","category-actualites","category-poste"],"_links":{"self":[{"href":"http:\/\/sfej.asso.fr\/index.php?rest_route=\/wp\/v2\/posts\/1379","targetHints":{"allow":["GET"]}}],"collection":[{"href":"http:\/\/sfej.asso.fr\/index.php?rest_route=\/wp\/v2\/posts"}],"about":[{"href":"http:\/\/sfej.asso.fr\/index.php?rest_route=\/wp\/v2\/types\/post"}],"author":[{"embeddable":true,"href":"http:\/\/sfej.asso.fr\/index.php?rest_route=\/wp\/v2\/users\/3"}],"replies":[{"embeddable":true,"href":"http:\/\/sfej.asso.fr\/index.php?rest_route=%2Fwp%2Fv2%2Fcomments&post=1379"}],"version-history":[{"count":3,"href":"http:\/\/sfej.asso.fr\/index.php?rest_route=\/wp\/v2\/posts\/1379\/revisions"}],"predecessor-version":[{"id":1382,"href":"http:\/\/sfej.asso.fr\/index.php?rest_route=\/wp\/v2\/posts\/1379\/revisions\/1382"}],"wp:attachment":[{"href":"http:\/\/sfej.asso.fr\/index.php?rest_route=%2Fwp%2Fv2%2Fmedia&parent=1379"}],"wp:term":[{"taxonomy":"category","embeddable":true,"href":"http:\/\/sfej.asso.fr\/index.php?rest_route=%2Fwp%2Fv2%2Fcategories&post=1379"},{"taxonomy":"post_tag","embeddable":true,"href":"http:\/\/sfej.asso.fr\/index.php?rest_route=%2Fwp%2Fv2%2Ftags&post=1379"}],"curies":[{"name":"wp","href":"https:\/\/api.w.org\/{rel}","templated":true}]}}