{"id":1383,"date":"2021-04-17T18:24:18","date_gmt":"2021-04-17T16:24:18","guid":{"rendered":"http:\/\/sfej.asso.fr\/?p=1383"},"modified":"2021-04-17T18:24:36","modified_gmt":"2021-04-17T16:24:36","slug":"colloque-17e-colloque-sur-lenseignement-du-japonais-de-lassociation-des-enseignants-de-japonais-en-france-%e7%ac%ac%ef%bc%91%ef%bc%97%e5%9b%9e%e3%83%95%e3%83%a9%e3%83%b3%e3%82%b9%e6%97%a5","status":"publish","type":"post","link":"http:\/\/sfej.asso.fr\/?p=1383","title":{"rendered":"Colloque \/ 17e colloque sur l&rsquo;enseignement du japonais de l\u2019Association des enseignants de japonais en France \u7b2c\uff11\uff17\u56de\u30d5\u30e9\u30f3\u30b9\u65e5\u672c\u8a9e\u6559\u80b2\u30b7\u30f3\u30dd\u30b8\u30a6\u30e0 (10-11 juin 2021)"},"content":{"rendered":"\n<h2 class=\"wp-block-heading\">Colloque \/ 17e colloque sur l&rsquo;enseignement du japonais de l\u2019Association des enseignants de japonais en France \u7b2c\uff11\uff17\u56de\u30d5\u30e9\u30f3\u30b9\u65e5\u672c\u8a9e\u6559\u80b2\u30b7\u30f3\u30dd\u30b8\u30a6\u30e0 (10-11 juin 2021)<\/h2>\n\n\n\n<p>L\u2019Association des enseignants de japonais en France (AEJF) organise en ligne son 17e colloque sur la th\u00e9matique \u00ab Penser une \u00ab conception universelle de l\u2019apprentissage (<em>Universal Design for Learning<\/em>) \u00bb : comment rendre les enseignements plus inclusifs \u00bb (\u5b66\u3073\u306e\u30e6\u30cb\u30d0\u30fc\u30b5\u30eb\u30c7\u30b6\u30a4\u30f3\u3092\u8003\u3048\u308b\u2015 \u30a4\u30f3\u30af\u30eb\u30fc\u30b7\u30d6\u6559\u80b2\u306e\u305f\u3081\u306b\u3067\u304d\u308b\u3053\u3068 \u2015). <\/p>\n\n\n\n<p>Le colloque au lieu les 11 et 12 juin 2021.<\/p>\n\n\n\n<p>Vous pouvez consulter les informations relatives \u00e0 celui-ci sur&nbsp;<a href=\"https:\/\/sites.google.com\/view\/aejf2021\/%E3%83%9B%E3%83%BC%E3%83%A0-home\">le site web du colloque<\/a>.<br>Le programme d\u00e9taill\u00e9 sera affich\u00e9 au mois de mai.<\/p>\n\n\n\n<p>Il est n\u00e9cessaire de s&rsquo;inscrire au pr\u00e9alable sur&nbsp;<a href=\"https:\/\/sites.google.com\/view\/aejf2021\/%E5%8F%82%E5%8A%A0%E7%94%B3%E8%BE%BC%E3%81%BF-inscription?authuser=0\">cette page<\/a>&nbsp;\u00e0 partir du 15 avril.<\/p>\n\n\n\n<p>Contact : <a href=\"mailto:aejf2020@gmail.com\">aejf2020@gmail.com<\/a><\/p>\n","protected":false},"excerpt":{"rendered":"<p>Colloque \/ 17e colloque sur l&rsquo;enseignement du japonais de l\u2019Association des enseignants de japonais en France \u7b2c\uff11\uff17\u56de\u30d5\u30e9\u30f3\u30b9\u65e5\u672c\u8a9e\u6559\u80b2\u30b7\u30f3\u30dd\u30b8\u30a6\u30e0 (10-11 juin 2021) L\u2019Association des enseignants de japonais en France (AEJF) organise en ligne son 17e colloque sur la th\u00e9matique \u00ab Penser une&hellip;&nbsp;<a href=\"http:\/\/sfej.asso.fr\/?p=1383\" class=\"more-link\">Lire la suite<\/a><\/p>\n","protected":false},"author":3,"featured_media":491,"comment_status":"closed","ping_status":"closed","sticky":false,"template":"","format":"standard","meta":{"_EventAllDay":false,"_EventTimezone":"","_EventStartDate":"","_EventEndDate":"","_EventStartDateUTC":"","_EventEndDateUTC":"","_EventShowMap":false,"_EventShowMapLink":false,"_EventURL":"","_EventCost":"","_EventCostDescription":"","_EventCurrencySymbol":"","_EventCurrencyCode":"","_EventCurrencyPosition":"","_EventDateTimeSeparator":"","_EventTimeRangeSeparator":"","_EventOrganizerID":[],"_EventVenueID":[],"_OrganizerEmail":"","_OrganizerPhone":"","_OrganizerWebsite":"","_VenueAddress":"","_VenueCity":"","_VenueCountry":"","_VenueProvince":"","_VenueState":"","_VenueZip":"","_VenuePhone":"","_VenueURL":"","_VenueStateProvince":"","_VenueLat":"","_VenueLng":"","_VenueShowMap":false,"_VenueShowMapLink":false,"footnotes":""},"categories":[28,30],"tags":[],"class_list":["post-1383","post","type-post","status-publish","format-standard","has-post-thumbnail","hentry","category-actualites","category-colloque"],"_links":{"self":[{"href":"http:\/\/sfej.asso.fr\/index.php?rest_route=\/wp\/v2\/posts\/1383","targetHints":{"allow":["GET"]}}],"collection":[{"href":"http:\/\/sfej.asso.fr\/index.php?rest_route=\/wp\/v2\/posts"}],"about":[{"href":"http:\/\/sfej.asso.fr\/index.php?rest_route=\/wp\/v2\/types\/post"}],"author":[{"embeddable":true,"href":"http:\/\/sfej.asso.fr\/index.php?rest_route=\/wp\/v2\/users\/3"}],"replies":[{"embeddable":true,"href":"http:\/\/sfej.asso.fr\/index.php?rest_route=%2Fwp%2Fv2%2Fcomments&post=1383"}],"version-history":[{"count":3,"href":"http:\/\/sfej.asso.fr\/index.php?rest_route=\/wp\/v2\/posts\/1383\/revisions"}],"predecessor-version":[{"id":1386,"href":"http:\/\/sfej.asso.fr\/index.php?rest_route=\/wp\/v2\/posts\/1383\/revisions\/1386"}],"wp:featuredmedia":[{"embeddable":true,"href":"http:\/\/sfej.asso.fr\/index.php?rest_route=\/wp\/v2\/media\/491"}],"wp:attachment":[{"href":"http:\/\/sfej.asso.fr\/index.php?rest_route=%2Fwp%2Fv2%2Fmedia&parent=1383"}],"wp:term":[{"taxonomy":"category","embeddable":true,"href":"http:\/\/sfej.asso.fr\/index.php?rest_route=%2Fwp%2Fv2%2Fcategories&post=1383"},{"taxonomy":"post_tag","embeddable":true,"href":"http:\/\/sfej.asso.fr\/index.php?rest_route=%2Fwp%2Fv2%2Ftags&post=1383"}],"curies":[{"name":"wp","href":"https:\/\/api.w.org\/{rel}","templated":true}]}}