{"id":2981,"date":"2022-08-10T01:48:00","date_gmt":"2022-08-09T23:48:00","guid":{"rendered":"http:\/\/sfej.asso.fr\/?p=2981"},"modified":"2022-08-11T02:25:43","modified_gmt":"2022-08-11T00:25:43","slug":"poste-recrutement-dun-ater-en-histoire-contemporaine-de-lasie-orientale-a-aix-marseille-universite-pour-lannee-2022-2023-date-limite-candidature-8-juillet-2022","status":"publish","type":"post","link":"http:\/\/sfej.asso.fr\/?p=2981","title":{"rendered":"[Poste] Recrutement d&rsquo;un ATER en Histoire contemporaine de l&rsquo;Asie Orientale \u00e0 Aix-Marseille Universit\u00e9 pour l&rsquo;ann\u00e9e 2022-2023"},"content":{"rendered":"\n<h2 class=\"has-text-align-center wp-block-heading\">Recrutement ATER Histoire contemporaine de l&rsquo;Asie Orientale pour l&rsquo;ann\u00e9e universitaire 2022\/2023<\/h2>\n\n\n\n<p>Aix Marseille Universit\u00e9 organise des recrutements d&rsquo;ATER pour l&rsquo;ann\u00e9e universitaire 2022-2023.<\/p>\n\n\n\n<p><a href=\"http:\/\/sfej.asso.fr\/wp-content\/uploads\/2022\/07\/FP_1570_ALLSH18_S2.pdf\">La fiche de poste compl\u00e8te est disponible en cliquant sur ce lien<\/a>.<\/p>\n\n\n\n<p><strong>Le d\u00e9p\u00f4t des dossiers de candidature s&rsquo;effectue exclusivement par voie \u00e9lectronique \u00e0 partir du site DEMETER, o\u00f9 sont disponibles les profils d\u00e9taill\u00e9s de chaque poste (apr\u00e8s identification).<\/strong><\/p>\n\n\n\n<p>La liste des pi\u00e8ces \u00e0 fournir est disponible \u00e0 partir de la page d&rsquo;accueil de DEMETER. Tout dossier incomplet ou non-valid\u00e9 par le candidat sera rejet\u00e9.<\/p>\n\n\n\n<p>Pour toute information compl\u00e9mentaire, veuillez contacter :<\/p>\n\n\n\n<ul class=\"wp-block-list\"><li>Question sur le profil : se reporter \u00e0 la fiche disponible dans DEMETER<\/li><li>Question RH (compl\u00e9tude du dossier \u00e0 d\u00e9poser) \/ technique : drh-bureau-enseignants@univ-amu.fr<\/li><\/ul>\n\n\n\n<p>vous \u00eates invit\u00e9-e-s par cons\u00e9quent \u00e0 lire tr\u00e8s attentivement les documents explicatifs en ligne, et \u00e0 respecter strictement les consignes et les pi\u00e8ces \u00e0 fournir avant de valider votre candidature, faute de quoi votre dossier sera d\u00e9clar\u00e9 irrecevable.<\/p>\n\n\n\n<p><strong>2\u00e8me campagne 2022<\/strong><\/p>\n\n\n\n<p>D\u00e9p\u00f4t des candidatures du&nbsp;<strong>22\/06\/2022 \u00e0 10h au 08\/07\/2022 \u00e0 16h<\/strong>&nbsp;(heure de Paris).<\/p>\n\n\n\n<p>R\u00e9sultats disponibles sur Demeter \u00e0 partir du 19\/09\/22 (connexion n\u00e9cessaire \u00e0 l&rsquo;aide des identifiants envoy\u00e9s lors de la candidature : une fois identifi\u00e9, valider \u00e0 deux reprises pour afficher le classement).<\/p>\n\n\n\n<p><strong>Campagne \u00ab\u00a0fil de l&rsquo;eau\u00a0\u00bb 2022<\/strong><\/p>\n\n\n\n<p>D\u00e9p\u00f4t des candidatures du 07\/09\/22 \u00e0 10H au 16\/09\/22 \u00e0 16H (heure de Paris)<\/p>\n\n\n\n<p>R\u00e9sultats disponibles sur Demeter \u00e0 partir du 10\/10\/22 (connexion n\u00e9cessaire \u00e0 l&rsquo;aide des identifiants envoy\u00e9s lors de la candidature : une fois identifi\u00e9, valider \u00e0 deux reprises pour afficher le classement).<\/p>\n\n\n\n<p class=\"has-vivid-red-color has-text-color\"><a href=\"https:\/\/drh.univ-amu.fr\/recrutement-ater\">Lien vers la page relative aux recrutements de l&rsquo;universit\u00e9<\/a>. <\/p>\n","protected":false},"excerpt":{"rendered":"<p>Recrutement ATER Histoire contemporaine de l&rsquo;Asie Orientale pour l&rsquo;ann\u00e9e universitaire 2022\/2023 Aix Marseille Universit\u00e9 organise des recrutements d&rsquo;ATER pour l&rsquo;ann\u00e9e universitaire 2022-2023. La fiche de poste compl\u00e8te est disponible en cliquant sur ce lien. Le d\u00e9p\u00f4t des dossiers de candidature&hellip;&nbsp;<a href=\"http:\/\/sfej.asso.fr\/?p=2981\" class=\"more-link\">Lire la suite<\/a><\/p>\n","protected":false},"author":3,"featured_media":1784,"comment_status":"closed","ping_status":"closed","sticky":false,"template":"","format":"standard","meta":{"_EventAllDay":false,"_EventTimezone":"","_EventStartDate":"","_EventEndDate":"","_EventStartDateUTC":"","_EventEndDateUTC":"","_EventShowMap":false,"_EventShowMapLink":false,"_EventURL":"","_EventCost":"","_EventCostDescription":"","_EventCurrencySymbol":"","_EventCurrencyCode":"","_EventCurrencyPosition":"","_EventDateTimeSeparator":"","_EventTimeRangeSeparator":"","_EventOrganizerID":[],"_EventVenueID":[],"_OrganizerEmail":"","_OrganizerPhone":"","_OrganizerWebsite":"","_VenueAddress":"","_VenueCity":"","_VenueCountry":"","_VenueProvince":"","_VenueState":"","_VenueZip":"","_VenuePhone":"","_VenueURL":"","_VenueStateProvince":"","_VenueLat":"","_VenueLng":"","_VenueShowMap":false,"_VenueShowMapLink":false,"footnotes":""},"categories":[28,33],"tags":[],"class_list":["post-2981","post","type-post","status-publish","format-standard","has-post-thumbnail","hentry","category-actualites","category-poste"],"_links":{"self":[{"href":"http:\/\/sfej.asso.fr\/index.php?rest_route=\/wp\/v2\/posts\/2981","targetHints":{"allow":["GET"]}}],"collection":[{"href":"http:\/\/sfej.asso.fr\/index.php?rest_route=\/wp\/v2\/posts"}],"about":[{"href":"http:\/\/sfej.asso.fr\/index.php?rest_route=\/wp\/v2\/types\/post"}],"author":[{"embeddable":true,"href":"http:\/\/sfej.asso.fr\/index.php?rest_route=\/wp\/v2\/users\/3"}],"replies":[{"embeddable":true,"href":"http:\/\/sfej.asso.fr\/index.php?rest_route=%2Fwp%2Fv2%2Fcomments&post=2981"}],"version-history":[{"count":3,"href":"http:\/\/sfej.asso.fr\/index.php?rest_route=\/wp\/v2\/posts\/2981\/revisions"}],"predecessor-version":[{"id":3045,"href":"http:\/\/sfej.asso.fr\/index.php?rest_route=\/wp\/v2\/posts\/2981\/revisions\/3045"}],"wp:featuredmedia":[{"embeddable":true,"href":"http:\/\/sfej.asso.fr\/index.php?rest_route=\/wp\/v2\/media\/1784"}],"wp:attachment":[{"href":"http:\/\/sfej.asso.fr\/index.php?rest_route=%2Fwp%2Fv2%2Fmedia&parent=2981"}],"wp:term":[{"taxonomy":"category","embeddable":true,"href":"http:\/\/sfej.asso.fr\/index.php?rest_route=%2Fwp%2Fv2%2Fcategories&post=2981"},{"taxonomy":"post_tag","embeddable":true,"href":"http:\/\/sfej.asso.fr\/index.php?rest_route=%2Fwp%2Fv2%2Ftags&post=2981"}],"curies":[{"name":"wp","href":"https:\/\/api.w.org\/{rel}","templated":true}]}}