{"id":3005,"date":"2022-07-05T10:56:53","date_gmt":"2022-07-05T08:56:53","guid":{"rendered":"http:\/\/sfej.asso.fr\/?p=3005"},"modified":"2022-07-05T10:56:53","modified_gmt":"2022-07-05T08:56:53","slug":"conferences-programme-juillet-2022-des-manifestations-de-la-maison-franco-japonaise-de-tokyo","status":"publish","type":"post","link":"http:\/\/sfej.asso.fr\/?p=3005","title":{"rendered":"[Conf\u00e9rences] Programme juillet 2022 des manifestations de la Maison franco-japonaise de Tokyo"},"content":{"rendered":"\n<p class=\"has-text-align-center\"><strong>D\u00e9construire l\u2019anthropoc\u00e8ne<\/strong><strong><\/strong><\/p>\n\n\n\n<p class=\"has-text-align-center\"><strong>Mercredi 6 juillet 2022&nbsp;\/&nbsp;18 h &#8211; 20 h (heure japonaise)<\/strong><br>Grand d\u00e9bat \/ En ligne \/ Avec traduction simultan\u00e9e<\/p>\n\n\n\n<p>Le grand d\u00e9bat de la Maison franco-japonaise r\u00e9unira en 2022 deux grandes figures de l\u2019anthropologie fran\u00e7aise et japonaise, Philippe Descola et Juichi Yamagiwa. Ces deux anthropologues ont pour point commun de s\u2019\u00eatre interrog\u00e9s, \u00e0 travers leurs recherches respectives concernant les soci\u00e9t\u00e9s am\u00e9rindiennes et les gorilles, sur les cat\u00e9gories de nature et culture. Cette interrogation de longue date les rend particuli\u00e8rement sensible \u00e0 la question environnementale et plus fondamentalement \u00e0 l\u2019empreinte que laisse l\u2019homme sur le milieu. Cette empreinte et les transformations qu\u2019elle g\u00e9n\u00e8re aujourd\u2019hui apparaissent \u00e0 beaucoup d\u2019une telle ampleur que l\u2019on en a fait une nouvelle \u00e9poque g\u00e9ologique : l\u2019anthropoc\u00e8ne. Au cours du d\u00e9bat, les conf\u00e9renciers s\u2019appliqueront \u00e0 d\u00e9construire cette notion largement utilis\u00e9e dans les m\u00e9dias et la recherche.<\/p>\n\n\n\n<p><strong>Conf\u00e9renciers :&nbsp;<\/strong>Philippe DESCOLA (Coll\u00e8ge de France), YAMAGIWA Juichi (Research Institute for Humanity and Nature, Director-General)<strong>Mod\u00e9rateur :&nbsp;<\/strong>MORIYAMA Takumi (univ. de Tokyo)<\/p>\n\n\n\n<p class=\"has-text-align-center\"><strong>L\u2019islam et les valeurs politique et soci\u00e9tales en France et au Japon<br><\/strong><br><strong>Vendredi 08 juillet 2022 \/ 17 h 30 &#8211; 20 h (heure japonaise)<br>Samedi 09 juillet 2022 \/ 15 h &#8211; 20 h 30 (heure japonaise)<\/strong><br>Colloque \/ En ligne \/ Avec traduction simultan\u00e9e<\/p>\n\n\n\n<p>Depuis l\u2019affaire du foulard en 1989, la question de l\u2019islam occupe le devant de la sc\u00e8ne en France. Le vivre-ensemble avec les musulmans s\u2019impose comme un enjeu politique et soci\u00e9tal, et la la\u00efcit\u00e9, l\u2019un des piliers des valeurs r\u00e9publicaines, apparait \u00e0 beaucoup comme la cl\u00e9 de la r\u00e9ussite de cette cohabitation. Le sens de la la\u00efcit\u00e9 est aujourd\u2019hui un objet de recherches et de d\u00e9bats qu\u2019il est risqu\u00e9 de sch\u00e9matiser, cependant, sur le terrain politique, on peut cerner une opposition entre ceux qui croient qu\u2019une la\u00efcit\u00e9 accommodante entra\u00eene une islamisation de la France, et d\u2019autres qui pensent qu\u2019une la\u00efcit\u00e9 identitaire marginalise les musulmans et pousse \u00e0 la radicalisation. Les deux attentats \u00e0 Paris en 2015, ont largement contribu\u00e9 \u00e0 polariser le d\u00e9bat autour d\u2019un certain nombre de point de crispation et de menaces. Cependant, la question musulmane ne se r\u00e9duit ni au voile ni au&nbsp;&nbsp;&nbsp;&nbsp;&nbsp;&nbsp;&nbsp;&nbsp;&nbsp;&nbsp;&nbsp;&nbsp;&nbsp;&nbsp;&nbsp;&nbsp;&nbsp;&nbsp;&nbsp;&nbsp;&nbsp;&nbsp;&nbsp;&nbsp;terrorisme, et les chercheurs s\u2019int\u00e9ressent aussi \u00e0 la vie quotidienne de 5 millions des musulmans depuis le march\u00e9 halal jusqu\u2019\u00e0 la formation des imams en passant par la gen\u00e8se d\u2019un islam lib\u00e9ral sur le sol fran\u00e7ais.<br class=\"\">Au Japon, les habitants musulmans sont beaucoup moins nombreux, leur nombre \u00e9tant estim\u00e9 \u00e0 entre 100 et 200 000 personnes, mais l\u2019islam occupe une certaine place dans une soci\u00e9t\u00e9 qui devient de plus en plus diverse aux niveaux culturel et religieux. Si l\u2019on peut affirmer que le Japon est lui aussi un pays la\u00efque, dans la mesure o\u00f9 la libert\u00e9 religieuse et le principe de la s\u00e9paration entre \u00c9tat et religion sont pr\u00f4n\u00e9s dans la Constitution, le terme la\u00efcit\u00e9 en tant que tel n\u2019est gu\u00e8re prononc\u00e9 ni utilis\u00e9 dans le Japon d\u2019aujourd\u2019hui. Plut\u00f4t que d\u2019assoir le respect des minorit\u00e9s religieuses sur une conception universaliste des droits de l\u2019homme, certains Japonais semblent se contenter de dire que le paysage religieux polyth\u00e9iste du Japon est naturellement plus tol\u00e9rant et mieux plac\u00e9 que les pays de tradition monoth\u00e9iste pour r\u00e9aliser la diversit\u00e9 religieuse. Il est n\u00e9anmoins ind\u00e9niable qu\u2019il existe bel et bien une x\u00e9nophobie \u00e0 la japonaise, sinon une islamophobie explicite.<br class=\"\">Qui sont les musulmans en France et au Japon et quelle place occupent-ils dans chacune de ces soci\u00e9t\u00e9s ? Quel regard est port\u00e9 sur eux et quelle histoire nourrit ce regard ? En face de la question musulmane, sommes-nous dans deux contextes tellement diff\u00e9rents qu\u2019il est plus raisonnable de renoncer \u00e0 comparer l\u2019incomparable ? Ou bien partageons-nous des enjeux communs qu\u2019une perspective comparative serait \u00e0 m\u00eame de faire apparaitre ? Quelle sont les politiques suivies par les gouvernements des deux pays ? Et surtout quelles solutions les citoyens de ces deux pays imaginent-ils pour r\u00e9ussir le vivre-ensemble entre les musulmans et le reste de la population ? Ce sont l\u00e0 les questions que nous voudrions aborder dans ce colloque franco-japonais.&nbsp;<\/p>\n\n\n\n<p><strong>Conf\u00e9renciers :&nbsp;<\/strong>ADACHI Satoshi (univ. Kwansei gakuin), Rachid BENZINE (Sophiapol-univ. Paris Nanterre), Florence BERGEAUD-BLACKLER (CNRS), FUJIWARA Satoko (univ. de Tokyo), HIGUCHI Naoto (univ. Waseda), KOMURA Akiko (univ. Rikky\u014d), Catherine MAYEUR-JAOUEN (Sorbonne Univ.), MIHARA Reiko (univ. D\u014dshisha), TANADA Hirofumi (prof. \u00e9m\u00e9rite de l&rsquo;univ. Wadeda), Olivier ROY (European University Institute), Jean-Jacques THIBON (Inalco), Valentine ZUBER (EPHE)<strong><br>Mod\u00e9rateurs :&nbsp;<\/strong>DATE Kiyonobu (univ. de Tokyo), MASUDA Kazuo (prof. \u00e9m\u00e9rite de l&rsquo;univ. de Tokyo)<\/p>\n\n\n\n<p class=\"has-text-align-center\"><strong>Les mat\u00e9riaux de construction :<br>Des ressources indispensables aux r\u00e9gimes politiques<\/strong><br><strong>Mercredi 13 juillet 2022 \/ 18 h &#8211; 20 h (heure japonaise)<\/strong><br>Conf\u00e9rence \/ En ligne \/ Avec traduction simultan\u00e9e<\/p>\n\n\n\n<p>Cette deuxi\u00e8me s\u00e9ance du s\u00e9minaire \u00ab enjeux politiques des mat\u00e9riaux de construction \u00bb cherche \u00e0 discuter l\u2019hypoth\u00e8se selon laquelle les mat\u00e9riaux ne participent pas seulement \u00e0 la construction du b\u00e2ti, mais aussi des r\u00e9gimes politiques eux-m\u00eames. En ce sens, les mat\u00e9riaux seraient \u00e0 la fois l\u2019alpha et l\u2019omega des r\u00e9gimes politiques et des syst\u00e8mes territoriaux qui les produisent autant qu\u2019ils en sont les produits. La s\u00e9ance s\u2019int\u00e9resse en particulier d\u2019une part \u00e0 la renaissance du concept d\u2019\u00c9tat constructeur (doken kokka) au Japon depuis la triple catastrophe de mars 2011, et d\u2019autre part aux implications g\u00e9opolitiques des mat\u00e9riaux en Asie de l\u2019Est.<\/p>\n\n\n\n<p><strong>Conf\u00e9renciers :<\/strong>&nbsp;R\u00e9mi SCOCCIMARRO (univ. de Toulouse Jean Jaur\u00e8s), Julien GUINAND (artiste photographe ind\u00e9pendant), KITAGAWA Daijir\u014d (Agence des affaires culturelles)<br><strong>Mod\u00e9rateur :&nbsp;<\/strong>Rapha\u00ebl LANGUILLON (IFRJ-MFJ)&nbsp;<\/p>\n\n\n\n<p>Pour obtenir les liens d&rsquo;inscriptions, vous pouvez consulter le site Internet de la MFJ : <a href=\"https:\/\/www.mfj.gr.jp\/index.php\">https:\/\/www.mfj.gr.jp\/index.php<\/a><\/p>\n","protected":false},"excerpt":{"rendered":"<p>D\u00e9construire l\u2019anthropoc\u00e8ne Mercredi 6 juillet 2022&nbsp;\/&nbsp;18 h &#8211; 20 h (heure japonaise)Grand d\u00e9bat \/ En ligne \/ Avec traduction simultan\u00e9e Le grand d\u00e9bat de la Maison franco-japonaise r\u00e9unira en 2022 deux grandes figures de l\u2019anthropologie fran\u00e7aise et japonaise, Philippe Descola&hellip;&nbsp;<a href=\"http:\/\/sfej.asso.fr\/?p=3005\" class=\"more-link\">Lire la suite<\/a><\/p>\n","protected":false},"author":3,"featured_media":1549,"comment_status":"closed","ping_status":"closed","sticky":false,"template":"","format":"standard","meta":{"_EventAllDay":false,"_EventTimezone":"","_EventStartDate":"","_EventEndDate":"","_EventStartDateUTC":"","_EventEndDateUTC":"","_EventShowMap":false,"_EventShowMapLink":false,"_EventURL":"","_EventCost":"","_EventCostDescription":"","_EventCurrencySymbol":"","_EventCurrencyCode":"","_EventCurrencyPosition":"","_EventDateTimeSeparator":"","_EventTimeRangeSeparator":"","_EventOrganizerID":[],"_EventVenueID":[],"_OrganizerEmail":"","_OrganizerPhone":"","_OrganizerWebsite":"","_VenueAddress":"","_VenueCity":"","_VenueCountry":"","_VenueProvince":"","_VenueState":"","_VenueZip":"","_VenuePhone":"","_VenueURL":"","_VenueStateProvince":"","_VenueLat":"","_VenueLng":"","_VenueShowMap":false,"_VenueShowMapLink":false,"footnotes":""},"categories":[28,31],"tags":[],"class_list":["post-3005","post","type-post","status-publish","format-standard","has-post-thumbnail","hentry","category-actualites","category-conference"],"_links":{"self":[{"href":"http:\/\/sfej.asso.fr\/index.php?rest_route=\/wp\/v2\/posts\/3005","targetHints":{"allow":["GET"]}}],"collection":[{"href":"http:\/\/sfej.asso.fr\/index.php?rest_route=\/wp\/v2\/posts"}],"about":[{"href":"http:\/\/sfej.asso.fr\/index.php?rest_route=\/wp\/v2\/types\/post"}],"author":[{"embeddable":true,"href":"http:\/\/sfej.asso.fr\/index.php?rest_route=\/wp\/v2\/users\/3"}],"replies":[{"embeddable":true,"href":"http:\/\/sfej.asso.fr\/index.php?rest_route=%2Fwp%2Fv2%2Fcomments&post=3005"}],"version-history":[{"count":2,"href":"http:\/\/sfej.asso.fr\/index.php?rest_route=\/wp\/v2\/posts\/3005\/revisions"}],"predecessor-version":[{"id":3007,"href":"http:\/\/sfej.asso.fr\/index.php?rest_route=\/wp\/v2\/posts\/3005\/revisions\/3007"}],"wp:featuredmedia":[{"embeddable":true,"href":"http:\/\/sfej.asso.fr\/index.php?rest_route=\/wp\/v2\/media\/1549"}],"wp:attachment":[{"href":"http:\/\/sfej.asso.fr\/index.php?rest_route=%2Fwp%2Fv2%2Fmedia&parent=3005"}],"wp:term":[{"taxonomy":"category","embeddable":true,"href":"http:\/\/sfej.asso.fr\/index.php?rest_route=%2Fwp%2Fv2%2Fcategories&post=3005"},{"taxonomy":"post_tag","embeddable":true,"href":"http:\/\/sfej.asso.fr\/index.php?rest_route=%2Fwp%2Fv2%2Ftags&post=3005"}],"curies":[{"name":"wp","href":"https:\/\/api.w.org\/{rel}","templated":true}]}}