{"id":3015,"date":"2022-07-08T18:32:50","date_gmt":"2022-07-08T16:32:50","guid":{"rendered":"http:\/\/sfej.asso.fr\/?p=3015"},"modified":"2022-07-08T18:34:33","modified_gmt":"2022-07-08T16:34:33","slug":"poste-recrutement-dune-ou-dun-charge-de-cours-de-japonais-preparation-jlpt-n3-a-luniversite-paris-cite-date-limite-candidature-15-juillet-2022","status":"publish","type":"post","link":"http:\/\/sfej.asso.fr\/?p=3015","title":{"rendered":"[Poste] Recrutement d&rsquo;une ou d&rsquo;un charg\u00e9 de cours de japonais (pr\u00e9paration JLPT N3) \u00e0 l&rsquo;Universit\u00e9 Paris Cit\u00e9 (date limite candidatures : 15 juillet 2022)"},"content":{"rendered":"\n<p>L&rsquo;UFR LCAO est \u00e0 la recherche d&rsquo;un enseignant pour un cours de pr\u00e9paration au JLPT N3 au premier semestre 2022-2023 (18h TD).&nbsp;Le cours est pour le moment plac\u00e9 le lundi de 13h15 \u00e0 14h45 mais d&rsquo;autres cr\u00e9neaux sont envisageables en fonction de la disponibilit\u00e9 de l&rsquo;enseignant.&nbsp;<\/p>\n\n\n\n<p>Il est id\u00e9al pour un doctorant car il s&rsquo;agit principalement de faire faire des exercices d&rsquo;entra\u00eenement aux \u00e9tudiants.&nbsp;Les cours auront lieu en pr\u00e9sentiel sur le campus des Grands Moulins.&nbsp;<\/p>\n\n\n\n<p>Les conditions \u00e0 remplir pour \u00eatre recrut\u00e9 en tant que charg\u00e9 de cours: \u00eatre doctorant OU avoir un emploi principal.&nbsp;<\/p>\n\n\n\n<p>Id\u00e9alement, la personne qui enseigne ce cours devrait avoir elle-m\u00eame l&rsquo;exp\u00e9rience d&rsquo;avoir d\u00e9j\u00e0 pass\u00e9 un ou plusieurs niveaux du JLPT.&nbsp;<\/p>\n\n\n\n<p>Pour toute question ou pour vous porter candidat\u00b7e, vous pouvez \u00e9crire \u00e0 Anne-Lise Mithout:&nbsp;<a rel=\"noreferrer noopener\" href=\"mailto:anne-lise.mithout@u-paris.fr\" target=\"_blank\">anne-lise.mithout@u-paris.fr<\/a>.&nbsp;<\/p>\n\n\n\n<p>Date limite pour candidater : vendredi 15 juillet 2022.&nbsp;<\/p>\n","protected":false},"excerpt":{"rendered":"<p>L&rsquo;UFR LCAO est \u00e0 la recherche d&rsquo;un enseignant pour un cours de pr\u00e9paration au JLPT N3 au premier semestre 2022-2023 (18h TD).&nbsp;Le cours est pour le moment plac\u00e9 le lundi de 13h15 \u00e0 14h45 mais d&rsquo;autres cr\u00e9neaux sont envisageables en&hellip;&nbsp;<a href=\"http:\/\/sfej.asso.fr\/?p=3015\" class=\"more-link\">Lire la suite<\/a><\/p>\n","protected":false},"author":3,"featured_media":2646,"comment_status":"closed","ping_status":"closed","sticky":false,"template":"","format":"standard","meta":{"_EventAllDay":false,"_EventTimezone":"","_EventStartDate":"","_EventEndDate":"","_EventStartDateUTC":"","_EventEndDateUTC":"","_EventShowMap":false,"_EventShowMapLink":false,"_EventURL":"","_EventCost":"","_EventCostDescription":"","_EventCurrencySymbol":"","_EventCurrencyCode":"","_EventCurrencyPosition":"","_EventDateTimeSeparator":"","_EventTimeRangeSeparator":"","_EventOrganizerID":[],"_EventVenueID":[],"_OrganizerEmail":"","_OrganizerPhone":"","_OrganizerWebsite":"","_VenueAddress":"","_VenueCity":"","_VenueCountry":"","_VenueProvince":"","_VenueState":"","_VenueZip":"","_VenuePhone":"","_VenueURL":"","_VenueStateProvince":"","_VenueLat":"","_VenueLng":"","_VenueShowMap":false,"_VenueShowMapLink":false,"footnotes":""},"categories":[28,33],"tags":[],"class_list":["post-3015","post","type-post","status-publish","format-standard","has-post-thumbnail","hentry","category-actualites","category-poste"],"_links":{"self":[{"href":"http:\/\/sfej.asso.fr\/index.php?rest_route=\/wp\/v2\/posts\/3015","targetHints":{"allow":["GET"]}}],"collection":[{"href":"http:\/\/sfej.asso.fr\/index.php?rest_route=\/wp\/v2\/posts"}],"about":[{"href":"http:\/\/sfej.asso.fr\/index.php?rest_route=\/wp\/v2\/types\/post"}],"author":[{"embeddable":true,"href":"http:\/\/sfej.asso.fr\/index.php?rest_route=\/wp\/v2\/users\/3"}],"replies":[{"embeddable":true,"href":"http:\/\/sfej.asso.fr\/index.php?rest_route=%2Fwp%2Fv2%2Fcomments&post=3015"}],"version-history":[{"count":2,"href":"http:\/\/sfej.asso.fr\/index.php?rest_route=\/wp\/v2\/posts\/3015\/revisions"}],"predecessor-version":[{"id":3017,"href":"http:\/\/sfej.asso.fr\/index.php?rest_route=\/wp\/v2\/posts\/3015\/revisions\/3017"}],"wp:featuredmedia":[{"embeddable":true,"href":"http:\/\/sfej.asso.fr\/index.php?rest_route=\/wp\/v2\/media\/2646"}],"wp:attachment":[{"href":"http:\/\/sfej.asso.fr\/index.php?rest_route=%2Fwp%2Fv2%2Fmedia&parent=3015"}],"wp:term":[{"taxonomy":"category","embeddable":true,"href":"http:\/\/sfej.asso.fr\/index.php?rest_route=%2Fwp%2Fv2%2Fcategories&post=3015"},{"taxonomy":"post_tag","embeddable":true,"href":"http:\/\/sfej.asso.fr\/index.php?rest_route=%2Fwp%2Fv2%2Ftags&post=3015"}],"curies":[{"name":"wp","href":"https:\/\/api.w.org\/{rel}","templated":true}]}}