{"id":3033,"date":"2022-07-21T01:50:48","date_gmt":"2022-07-20T23:50:48","guid":{"rendered":"http:\/\/sfej.asso.fr\/?p=3033"},"modified":"2022-07-21T01:53:45","modified_gmt":"2022-07-20T23:53:45","slug":"poste-recrutement-dun-lecteur-de-francais-a-luniversite-ritsumeikan-date-limite-des-candidatures-18-aout-2022","status":"publish","type":"post","link":"http:\/\/sfej.asso.fr\/?p=3033","title":{"rendered":"[Poste] Recrutement d&rsquo;un lecteur de fran\u00e7ais \u00e0 l&rsquo;Universit\u00e9 Ritsumeikan (date limite des candidatures : 18 ao\u00fbt 2022)"},"content":{"rendered":"\n<p>L&rsquo;universit\u00e9 Ritsumeikan ouvre un poste de lecteur de fran\u00e7ais \u00e0 partir d&rsquo;avril 2023 (un an renouvelable quatre fois) pour lequel il est possible de candidater de l&rsquo;\u00e9tranger. <\/p>\n\n\n\n<p>La date limite de d\u00e9p\u00f4t des candidatures est le 18 ao\u00fbt 2022 <strong>(\u00e0 10 heures du matin, heure du Japon)<\/strong>, pour une prise de poste le 1er avril 2023.<\/p>\n\n\n\n<p>Voici les liens vers les informations concernant le poste et les modalit\u00e9s de candidature : <a href=\"http:\/\/sfej.asso.fr\/wp-content\/uploads\/2022\/07\/gengo-guideline220629-2.pdf\">http:\/\/sfej.asso.fr\/wp-content\/uploads\/2022\/07\/gengo-guideline220629-2.pdf<\/a><\/p>\n\n\n\n<p>Lien sur le portail J Rec-in : <a href=\"https:\/\/jrecin.jst.go.jp\/seek\/SeekJorDetail?fn=3&amp;id=D122062104&amp;ln_jor=0\">https:\/\/jrecin.jst.go.jp\/seek\/SeekJorDetail?fn=3&amp;id=D122062104&amp;ln_jor=0<\/a><\/p>\n","protected":false},"excerpt":{"rendered":"<p>L&rsquo;universit\u00e9 Ritsumeikan ouvre un poste de lecteur de fran\u00e7ais \u00e0 partir d&rsquo;avril 2023 (un an renouvelable quatre fois) pour lequel il est possible de candidater de l&rsquo;\u00e9tranger. La date limite de d\u00e9p\u00f4t des candidatures est le 18 ao\u00fbt 2022 (\u00e0&hellip;&nbsp;<a href=\"http:\/\/sfej.asso.fr\/?p=3033\" class=\"more-link\">Lire la suite<\/a><\/p>\n","protected":false},"author":3,"featured_media":0,"comment_status":"closed","ping_status":"closed","sticky":false,"template":"","format":"standard","meta":{"_EventAllDay":false,"_EventTimezone":"","_EventStartDate":"","_EventEndDate":"","_EventStartDateUTC":"","_EventEndDateUTC":"","_EventShowMap":false,"_EventShowMapLink":false,"_EventURL":"","_EventCost":"","_EventCostDescription":"","_EventCurrencySymbol":"","_EventCurrencyCode":"","_EventCurrencyPosition":"","_EventDateTimeSeparator":"","_EventTimeRangeSeparator":"","_EventOrganizerID":[],"_EventVenueID":[],"_OrganizerEmail":"","_OrganizerPhone":"","_OrganizerWebsite":"","_VenueAddress":"","_VenueCity":"","_VenueCountry":"","_VenueProvince":"","_VenueState":"","_VenueZip":"","_VenuePhone":"","_VenueURL":"","_VenueStateProvince":"","_VenueLat":"","_VenueLng":"","_VenueShowMap":false,"_VenueShowMapLink":false,"footnotes":""},"categories":[28,33],"tags":[],"class_list":["post-3033","post","type-post","status-publish","format-standard","hentry","category-actualites","category-poste"],"_links":{"self":[{"href":"http:\/\/sfej.asso.fr\/index.php?rest_route=\/wp\/v2\/posts\/3033","targetHints":{"allow":["GET"]}}],"collection":[{"href":"http:\/\/sfej.asso.fr\/index.php?rest_route=\/wp\/v2\/posts"}],"about":[{"href":"http:\/\/sfej.asso.fr\/index.php?rest_route=\/wp\/v2\/types\/post"}],"author":[{"embeddable":true,"href":"http:\/\/sfej.asso.fr\/index.php?rest_route=\/wp\/v2\/users\/3"}],"replies":[{"embeddable":true,"href":"http:\/\/sfej.asso.fr\/index.php?rest_route=%2Fwp%2Fv2%2Fcomments&post=3033"}],"version-history":[{"count":2,"href":"http:\/\/sfej.asso.fr\/index.php?rest_route=\/wp\/v2\/posts\/3033\/revisions"}],"predecessor-version":[{"id":3036,"href":"http:\/\/sfej.asso.fr\/index.php?rest_route=\/wp\/v2\/posts\/3033\/revisions\/3036"}],"wp:attachment":[{"href":"http:\/\/sfej.asso.fr\/index.php?rest_route=%2Fwp%2Fv2%2Fmedia&parent=3033"}],"wp:term":[{"taxonomy":"category","embeddable":true,"href":"http:\/\/sfej.asso.fr\/index.php?rest_route=%2Fwp%2Fv2%2Fcategories&post=3033"},{"taxonomy":"post_tag","embeddable":true,"href":"http:\/\/sfej.asso.fr\/index.php?rest_route=%2Fwp%2Fv2%2Ftags&post=3033"}],"curies":[{"name":"wp","href":"https:\/\/api.w.org\/{rel}","templated":true}]}}