{"id":3039,"date":"2022-08-08T02:31:04","date_gmt":"2022-08-08T00:31:04","guid":{"rendered":"http:\/\/sfej.asso.fr\/?p=3039"},"modified":"2022-08-08T02:33:35","modified_gmt":"2022-08-08T00:33:35","slug":"appel-a-communication-conference-de-lunion-geographique-internationale-2023-islands-in-relations-conflicts-sustainability-and-peace-universite-municipale-dosaka","status":"publish","type":"post","link":"http:\/\/sfej.asso.fr\/?p=3039","title":{"rendered":"[Appel \u00e0 sessions] Conf\u00e9rence de l&rsquo;Union G\u00e9ographique Internationale 2023 \u00ab\u00a0Islands in Relations:\u00a0Conflicts, Sustainability, and Peace\u00a0\u00bb organis\u00e9e \u00e0 l&rsquo;Universit\u00e9 Municipale d&rsquo;Osaka (date limite des candidatures : 15 ao\u00fbt 2022)"},"content":{"rendered":"\n<p class=\"has-text-align-center\"><strong>The International Geographical Union (IGU)&nbsp;<\/strong><br><strong>Thematic Conference on:<\/strong><\/p>\n\n\n\n<h1 class=\"has-text-align-center wp-block-heading\" id=\"islands-in-relations-conflicts-sustainability-and-peace\"><strong>Islands in Relations:&nbsp;<\/strong><br><strong>Conflicts, Sustainability, and Peace<\/strong><\/h1>\n\n\n\n<h3 class=\"wp-block-heading\"><strong>April 4-6, 2023<\/strong><br><strong>Sugimoto Campus<\/strong><br><strong>Osaka Metropolitan University<\/strong><br><strong>Osaka, Japan<\/strong><\/h3>\n\n\n\n<p><strong>Call for Sessions<\/strong><\/p>\n\n\n\n<p>The call for sessions is now open (July 4- August 15). Please look&nbsp;<a href=\"https:\/\/polgeog.jp\/igu-tc2023\/sessions\/\">here<\/a>.<\/p>\n\n\n\n<p><a href=\"http:\/\/polgeog.jp\/wp-content\/uploads\/2022\/07\/Flyer_0706.pdf\">Fliyer<\/a><\/p>\n\n\n\n<h2 class=\"wp-block-heading\" id=\"tentative-date-venue-and-format\"><strong>Date, venue, and format<\/strong><\/h2>\n\n\n\n<p><strong>Date: 4-6 April 2023 (subject to change)<\/strong><\/p>\n\n\n\n<p>Venue: University Media Center (Sugimoto Library), Osaka Metropolitan University,<br>Osaka, Japan<br>Format: Hybrid (in-person and virtual) meeting with online broadcasting<\/p>\n\n\n\n<h2 class=\"wp-block-heading\"><strong>Abstract Submission &amp; Registration<\/strong><\/h2>\n\n\n\n<p>The process of abstract submission will start in September 2022.<\/p>\n\n\n\n<p>In person<br>Faculty\/Non-student: USD 150 (early bird 120)<br>Student: USD 100 (early bird 70)<\/p>\n\n\n\n<h2 class=\"wp-block-heading\" id=\"proposed-by\"><strong>Organized by<\/strong><\/h2>\n\n\n\n<p>Local Organizing Committee for the IGU Thematic Conference Osaka 2023 (LOC Osaka)<br>Japan National Committee for the IGU (JNC)<br>In collaboration with IGU Commissions on:<br>Geography of Tourism, Leisure, and Global Change (C20.17),<br>Islands (C20.25),<br>Latin American and Caribbean Studies (C20.30),<br>Political Geography (C20.36), and<br>Toponymy (C20.40)<\/p>\n\n\n\n<p>Also with<br>Research Institute for Islands and Sustainability (RIIS), University of the Ryukyus, Japan<\/p>\n\n\n\n<h2 class=\"wp-block-heading\" id=\"contact\"><strong>Contact<\/strong><\/h2>\n\n\n\n<p>IGU-TC Osaka Local Organizing Committee<br>Department of Geography, Osaka Metropolitan University<br>E-mail:&nbsp;igu.tc.osaka.contact[at]gmail.com<\/p>\n","protected":false},"excerpt":{"rendered":"<p>The International Geographical Union (IGU)&nbsp;Thematic Conference on: Islands in Relations:&nbsp;Conflicts, Sustainability, and Peace April 4-6, 2023Sugimoto CampusOsaka Metropolitan UniversityOsaka, Japan Call for Sessions The call for sessions is now open (July 4- August 15). Please look&nbsp;here. Fliyer Date, venue, and&hellip;&nbsp;<a href=\"http:\/\/sfej.asso.fr\/?p=3039\" class=\"more-link\">Lire la suite<\/a><\/p>\n","protected":false},"author":3,"featured_media":3041,"comment_status":"closed","ping_status":"closed","sticky":false,"template":"","format":"standard","meta":{"_EventAllDay":false,"_EventTimezone":"","_EventStartDate":"","_EventEndDate":"","_EventStartDateUTC":"","_EventEndDateUTC":"","_EventShowMap":false,"_EventShowMapLink":false,"_EventURL":"","_EventCost":"","_EventCostDescription":"","_EventCurrencySymbol":"","_EventCurrencyCode":"","_EventCurrencyPosition":"","_EventDateTimeSeparator":"","_EventTimeRangeSeparator":"","_EventOrganizerID":[],"_EventVenueID":[],"_OrganizerEmail":"","_OrganizerPhone":"","_OrganizerWebsite":"","_VenueAddress":"","_VenueCity":"","_VenueCountry":"","_VenueProvince":"","_VenueState":"","_VenueZip":"","_VenuePhone":"","_VenueURL":"","_VenueStateProvince":"","_VenueLat":"","_VenueLng":"","_VenueShowMap":false,"_VenueShowMapLink":false,"footnotes":""},"categories":[28,29],"tags":[],"class_list":["post-3039","post","type-post","status-publish","format-standard","has-post-thumbnail","hentry","category-actualites","category-appel"],"_links":{"self":[{"href":"http:\/\/sfej.asso.fr\/index.php?rest_route=\/wp\/v2\/posts\/3039","targetHints":{"allow":["GET"]}}],"collection":[{"href":"http:\/\/sfej.asso.fr\/index.php?rest_route=\/wp\/v2\/posts"}],"about":[{"href":"http:\/\/sfej.asso.fr\/index.php?rest_route=\/wp\/v2\/types\/post"}],"author":[{"embeddable":true,"href":"http:\/\/sfej.asso.fr\/index.php?rest_route=\/wp\/v2\/users\/3"}],"replies":[{"embeddable":true,"href":"http:\/\/sfej.asso.fr\/index.php?rest_route=%2Fwp%2Fv2%2Fcomments&post=3039"}],"version-history":[{"count":3,"href":"http:\/\/sfej.asso.fr\/index.php?rest_route=\/wp\/v2\/posts\/3039\/revisions"}],"predecessor-version":[{"id":3043,"href":"http:\/\/sfej.asso.fr\/index.php?rest_route=\/wp\/v2\/posts\/3039\/revisions\/3043"}],"wp:featuredmedia":[{"embeddable":true,"href":"http:\/\/sfej.asso.fr\/index.php?rest_route=\/wp\/v2\/media\/3041"}],"wp:attachment":[{"href":"http:\/\/sfej.asso.fr\/index.php?rest_route=%2Fwp%2Fv2%2Fmedia&parent=3039"}],"wp:term":[{"taxonomy":"category","embeddable":true,"href":"http:\/\/sfej.asso.fr\/index.php?rest_route=%2Fwp%2Fv2%2Fcategories&post=3039"},{"taxonomy":"post_tag","embeddable":true,"href":"http:\/\/sfej.asso.fr\/index.php?rest_route=%2Fwp%2Fv2%2Ftags&post=3039"}],"curies":[{"name":"wp","href":"https:\/\/api.w.org\/{rel}","templated":true}]}}