{"id":3074,"date":"2022-09-04T20:23:11","date_gmt":"2022-09-04T18:23:11","guid":{"rendered":"http:\/\/sfej.asso.fr\/?p=3074"},"modified":"2022-09-09T06:54:03","modified_gmt":"2022-09-09T04:54:03","slug":"journee-detude-le-no-et-sa-posterite-dans-les-echanges-et-lhistoire-de-la-scenographie-pratiques-historiques-et-contemporaines-transplantations-et-fertilisations-9-septembre-2022-a-partir-d","status":"publish","type":"post","link":"http:\/\/sfej.asso.fr\/?p=3074","title":{"rendered":"[Journ\u00e9e d&rsquo;\u00e9tude] Le n\u00f4 et sa post\u00e9rit\u00e9 dans les \u00e9changes et l&rsquo;histoire de la sc\u00e9nographie &#8211; pratiques historiques et contemporaines ; transplantations et fertilisations (9 septembre 2022 \u00e0 partir de 9h)"},"content":{"rendered":"<div class=\"wp-block-image\">\n<figure class=\"aligncenter size-large\"><img decoding=\"async\" src=\"http:\/\/sfej.asso.fr\/wp-content\/uploads\/2022\/09\/Journ\u00e9e-d\u00e9tude-09-09-22-1024x186.jpg\" alt=\"\" class=\"wp-image-3075\"\/><\/figure>\n<\/div>\n\n\n<p>Les \u00e9quipes de l&rsquo;IrAsia et du CIELAM \/ maison du th\u00e9\u00e2tre, en conjonction avec une repr\u00e9sentation de n\u00f4 sur la sc\u00e8ne de n\u00f4 de la Ville d&rsquo;Aix-en-Provence, organisent la journ\u00e9e d&rsquo;\u00e9tude : <\/p>\n\n\n\n<h2 class=\"has-text-align-center wp-block-heading\">Le n\u00f4 et sa post\u00e9rit\u00e9 dans les \u00e9changes et l&rsquo;histoire de la sc\u00e9nographie <\/h2>\n\n\n\n<h2 class=\"has-text-align-center wp-block-heading\">Pratiques historiques et contemporaines ; transplantations et fertilisations <\/h2>\n\n\n\n<h2 class=\"has-text-align-center wp-block-heading\">Universit\u00e9 Aix-Marseille, campus Schuman, <br>9 septembre 2022 \u00e0 partir de 9h<\/h2>\n\n\n\n<h2 class=\"wp-block-heading\">Programme<\/h2>\n\n\n\n<p>9h00 : Accueil<\/p>\n\n\n\n<p>9h30 : Allocutions d&rsquo;ouverture, dont celle de Monsieur Yukuo Murata, Consul g\u00e9n\u00e9ral du Japon \u00e0 Marseille. Mot d&rsquo;introduction \u00e0 la matin\u00e9e par Nguyen Thi phuong ngoc (IrAsia, AMU), Corinne Flicker (CIELAM, AMU)<\/p>\n\n\n\n<p>10h00 : <strong>Magali Bugne <\/strong>(Universit\u00e9 Teikyo) : \u00ab\u00a0\u00c9crire le n\u00f4 : paronomase, allusion et all\u00e9gorie dans les n\u00f4 du XIV<sup>e<\/sup> et XV<sup>e<\/sup> si\u00e8cles\u00a0\u00bb<\/p>\n\n\n\n<p>10h30 : <strong>Okuyama Midori <\/strong>(Universit\u00e9 Nihon daigaku) : \u00ab\u00a0Making Contemporary Theatre production &#8211; utilizing n\u00f4 and ky\u00f4gen tradition\u00a0\u00bb<\/p>\n\n\n\n<p class=\"has-text-align-center\"><em>(Pause)<\/em><\/p>\n\n\n\n<p>11h15 : <strong>Imono Mika <\/strong>(Universit\u00e9 Meisei) : \u00ab\u00a0corps, danse, pratique et <em>kata<\/em>\u00ab\u00a0<\/p>\n\n\n\n<p>11h45 : <strong>V\u00e9ronique Brindea<\/strong>u (INALCO) : \u00ab\u00a0La sc\u00e8ne de n\u00f4, enjeu d&rsquo;exp\u00e9rimentations <em>in situ<\/em> par l&rsquo;artiste Sugimoto Hiroshi\u00a0\u00bb<\/p>\n\n\n\n<p>12h15 : <em>pause de midi<\/em><\/p>\n\n\n\n<p>14h00 : D\u00e9monstration de n\u00f4 (<em>shimai<\/em>) par les acteurs de l&rsquo;\u00e9cole Kan\u00f4<\/p>\n\n\n\n<p>14h30 : <strong>Bernard Esmein <\/strong>(chercheur ind\u00e9pendant) : \u00ab\u00a0<em>L&rsquo;\u00eele d&rsquo;or <\/em>: un songe th\u00e9\u00e2tral japonais pour mieux parler du monde\u00a0\u00bb<\/p>\n\n\n\n<p>15h00 : <strong>Marie-Anne Rossignol<\/strong> (CIELAM, AMU) : \u00ab\u00a0Marguerite Yourcenar spectatrice de n\u00f4\u00a0\u00bb<\/p>\n\n\n\n<p class=\"has-text-align-center\"><em>(Pause)<\/em><\/p>\n\n\n\n<p>2\u00e8me partie de l&rsquo;apr\u00e8s-midi : Interviews et table ronde &#8211; Pratiques et manifestations du n\u00f4 sans fronti\u00e8re<\/p>\n\n\n\n<p>15h40 : Carte blanche \u00e0 <strong>Maxime Pierre<\/strong> (UPC), enseignant et chercheur ayant une activit\u00e9 de mise en sc\u00e8ne, autour de son projet <em>Medea<\/em> et l&rsquo;iinscription de celui-ci dans l&rsquo;histoire du n\u00f4 en France<\/p>\n\n\n\n<p>16h00 : Carte blanche \u00e0 <strong>Rapha\u00ebl Trano<\/strong>, acteur form\u00e9 au n\u00f4, metteur en sc\u00e8ne et enseignant, sur son utilisation du n\u00f4 dans son travail sc\u00e9nique, en particulier dans son projet <em>N\u00f4 man&rsquo;s land<\/em><\/p>\n\n\n\n<p>16h30 \u00e0 17h30 : Table ronde avec les acteurs <strong>\u00d4shima Kinue<\/strong>, <strong>Kan\u00f4 Ry\u00f4ichi<\/strong> et <strong>Rapha\u00ebl Trano<\/strong><\/p>\n\n\n\n<p>(Spectacle organis\u00e9 par la Ville)<\/p>\n\n\n\n<p>19h30 : Repr\u00e9sentation au th\u00e9\u00e2tre n\u00f4 du parc Saint-Mitre, par la troupe de l&rsquo;\u00e9cole Kita<\/p>\n\n\n\n<p><\/p>\n\n\n\n<h2 class=\"wp-block-heading\">Lieu de la journ\u00e9e d&rsquo;\u00e9tude<\/h2>\n\n\n\n<p>Universit\u00e9 Aix-Marseille, campus Schuman, 29 avenue Robert Schuman, 13100 Aix-en-Provence<\/p>\n\n\n\n<p>Matin\u00e9e : b\u00e2timent T1 (multim\u00e9dia), salle de colloque 1<\/p>\n\n\n\n<p>Apr\u00e8s-midi : b\u00e2timent Fernand Pouillon, salle des Actes (salle 17)<\/p>\n\n\n\n<p>Lieu de repr\u00e9sentation du n\u00f4 : parc Saint-Mitre, 403 avenue Jean Monet, 13090 Aix-en-Provence<br>Possibilit\u00e9 d&rsquo;assister \u00e0 distance (sauf probl\u00e8me technique ou refus ponctuel d&rsquo;un intervenant) via le lien zoom suivant : <a rel=\"noreferrer noopener\" href=\"https:\/\/univ-amu-fr.zoom.us\/j\/88245993939?pwd=WVJ6NWFTcjBla2xTRjk3aWRHMGhlUT09\" target=\"_blank\">https:\/\/univ-amu-fr.zoom.us\/j\/88245993939?pwd=WVJ6NWFTcjBla2xTRjk3aWRHMGhlUT09<\/a> (ID de r\u00e9union : 882 4599 3939, Code secret : 373277)<\/p>\n\n\n\n<p>(<a href=\"http:\/\/sfej.asso.fr\/wp-content\/uploads\/2022\/09\/MAJ-NO-09-09-22.pdf\">Programme complet, r\u00e9sum\u00e9 des interventions de recherche et plan du campus<\/a>)<\/p>\n","protected":false},"excerpt":{"rendered":"<p>Les \u00e9quipes de l&rsquo;IrAsia et du CIELAM \/ maison du th\u00e9\u00e2tre, en conjonction avec une repr\u00e9sentation de n\u00f4 sur la sc\u00e8ne de n\u00f4 de la Ville d&rsquo;Aix-en-Provence, organisent la journ\u00e9e d&rsquo;\u00e9tude : Le n\u00f4 et sa post\u00e9rit\u00e9 dans les \u00e9changes&hellip;&nbsp;<a href=\"http:\/\/sfej.asso.fr\/?p=3074\" class=\"more-link\">Lire la suite<\/a><\/p>\n","protected":false},"author":3,"featured_media":0,"comment_status":"closed","ping_status":"closed","sticky":false,"template":"","format":"standard","meta":{"_EventAllDay":false,"_EventTimezone":"","_EventStartDate":"","_EventEndDate":"","_EventStartDateUTC":"","_EventEndDateUTC":"","_EventShowMap":false,"_EventShowMapLink":false,"_EventURL":"","_EventCost":"","_EventCostDescription":"","_EventCurrencySymbol":"","_EventCurrencyCode":"","_EventCurrencyPosition":"","_EventDateTimeSeparator":"","_EventTimeRangeSeparator":"","_EventOrganizerID":[],"_EventVenueID":[],"_OrganizerEmail":"","_OrganizerPhone":"","_OrganizerWebsite":"","_VenueAddress":"","_VenueCity":"","_VenueCountry":"","_VenueProvince":"","_VenueState":"","_VenueZip":"","_VenuePhone":"","_VenueURL":"","_VenueStateProvince":"","_VenueLat":"","_VenueLng":"","_VenueShowMap":false,"_VenueShowMapLink":false,"footnotes":""},"categories":[28,30],"tags":[],"class_list":["post-3074","post","type-post","status-publish","format-standard","hentry","category-actualites","category-colloque"],"_links":{"self":[{"href":"http:\/\/sfej.asso.fr\/index.php?rest_route=\/wp\/v2\/posts\/3074","targetHints":{"allow":["GET"]}}],"collection":[{"href":"http:\/\/sfej.asso.fr\/index.php?rest_route=\/wp\/v2\/posts"}],"about":[{"href":"http:\/\/sfej.asso.fr\/index.php?rest_route=\/wp\/v2\/types\/post"}],"author":[{"embeddable":true,"href":"http:\/\/sfej.asso.fr\/index.php?rest_route=\/wp\/v2\/users\/3"}],"replies":[{"embeddable":true,"href":"http:\/\/sfej.asso.fr\/index.php?rest_route=%2Fwp%2Fv2%2Fcomments&post=3074"}],"version-history":[{"count":16,"href":"http:\/\/sfej.asso.fr\/index.php?rest_route=\/wp\/v2\/posts\/3074\/revisions"}],"predecessor-version":[{"id":3117,"href":"http:\/\/sfej.asso.fr\/index.php?rest_route=\/wp\/v2\/posts\/3074\/revisions\/3117"}],"wp:attachment":[{"href":"http:\/\/sfej.asso.fr\/index.php?rest_route=%2Fwp%2Fv2%2Fmedia&parent=3074"}],"wp:term":[{"taxonomy":"category","embeddable":true,"href":"http:\/\/sfej.asso.fr\/index.php?rest_route=%2Fwp%2Fv2%2Fcategories&post=3074"},{"taxonomy":"post_tag","embeddable":true,"href":"http:\/\/sfej.asso.fr\/index.php?rest_route=%2Fwp%2Fv2%2Ftags&post=3074"}],"curies":[{"name":"wp","href":"https:\/\/api.w.org\/{rel}","templated":true}]}}