{"id":3094,"date":"2022-09-05T18:27:13","date_gmt":"2022-09-05T16:27:13","guid":{"rendered":"http:\/\/sfej.asso.fr\/?p=3094"},"modified":"2022-09-05T18:29:18","modified_gmt":"2022-09-05T16:29:18","slug":"journee-detude-les-arts-de-la-scene-entre-antiquite-classique-et-japon-contemporain-9-septembre-2022-a-partir-de-9h30","status":"publish","type":"post","link":"http:\/\/sfej.asso.fr\/?p=3094","title":{"rendered":"[Journ\u00e9e d&rsquo;\u00e9tude] Les arts de la sc\u00e8ne entre Antiquit\u00e9 classique et Japon contemporain (9 septembre 2022 \u00e0 partir de 9h30)"},"content":{"rendered":"\n<p>Aline Henninger et Pierre-Alain Caltot (Universit\u00e9 d&rsquo;Orl\u00e9ans) organisent la journ\u00e9e d&rsquo;\u00e9tude : <\/p>\n\n\n\n<h2 class=\"has-text-align-center wp-block-heading\">Les arts de la sc\u00e8ne entre Antiquit\u00e9 classique et Japon contemporain<br>H\u00f4tel Dupanloup, Orl\u00e9ans<br>9 septembre 2022 \u00e0 partir de 9h30<\/h2>\n\n\n\n<!--more-->\n\n\n\n<h2 class=\"wp-block-heading\">Programme de la Journ\u00e9e Translatio<\/h2>\n\n\n\n<p>9h30 : Accueil des participants<\/p>\n\n\n\n<p>9h45 : Ouverture par Jean-Marc Zaninetti, Doyen de l&rsquo;UFR LLSH, Universit\u00e9 d&rsquo;Orl\u00e9ans<\/p>\n\n\n\n<p>10h00-11h00 : <strong>Maxime Pierre<\/strong> : \u00ab\u00a0Jouer des trag\u00e9dies anciennes avec des acteurs de <em>n\u00f4<\/em> : le r\u00f4le pr\u00e9curseur de la <em>Mei no kai<\/em> (1971-1975)\u00a0\u00bb<\/p>\n\n\n\n<p>11h00-12h00 : <strong>Philippe Brunet<\/strong> : \u00ab\u00a0Une exp\u00e9rience de th\u00e9\u00e2tre dionysiaque entre Gr\u00e8ce et Japon\u00a0\u00bb<\/p>\n\n\n\n<p class=\"has-text-align-left\"><em>(Pause)<\/em><\/p>\n\n\n\n<p>14h00-15h00 : <strong>Hiroshi Notsu<\/strong> : \u00ab\u00a0R\u00e9ception de trag\u00e9die grecque au Japon : traductions et mises en sc\u00e8ne\u00a0\u00bb<\/p>\n\n\n\n<p>15h00-16h00 : <strong>Saiichiro Nakatani <\/strong>: \u00ab\u00a0Mishima&rsquo;s <em>Kabuki<\/em> adaptation of Greek Mythology : <em>Fuy\u00f4-no-tsuyu \u00d4uchi-jikki<\/em>\u00ab\u00a0<\/p>\n\n\n\n<p><em>16h00-16h30 (Pause)<\/em><\/p>\n\n\n\n<p>16h30 &#8211; 17h30 : <strong>Michel Briand<\/strong> : \u00ab\u00a0Le <em>but\u00f4<\/em> comme triple \u00e9cart et contagion : Antiquit\u00e9(s) classique(s) \/ Japon(s) \/ danse(s) contemporaine(s)\u00a0\u00bb<\/p>\n\n\n\n<p>18h30 : Spectacle th\u00e9\u00e2tral &#8211; Philippe Brunet et Guillaume Boussard : Extraits autour de Cassandre et de M\u00e9d\u00e9e<\/p>\n\n\n\n<h2 class=\"wp-block-heading\">Lieu de la journ\u00e9e d&rsquo;\u00e9tude<\/h2>\n\n\n\n<p>H\u00f4tel Dupanloup, rue Dupanloup, 45000 Orl\u00e9ans<\/p>\n\n\n\n<p><em>(<a href=\"http:\/\/sfej.asso.fr\/wp-content\/uploads\/2022\/09\/09_09_2022_JE_CASSANDRE.pdf\" target=\"_blank\" rel=\"noreferrer noopener\">Programme complet<\/a>)<\/em><\/p>\n","protected":false},"excerpt":{"rendered":"<p>Aline Henninger et Pierre-Alain Caltot (Universit\u00e9 d&rsquo;Orl\u00e9ans) organisent la journ\u00e9e d&rsquo;\u00e9tude : Les arts de la sc\u00e8ne entre Antiquit\u00e9 classique et Japon contemporainH\u00f4tel Dupanloup, Orl\u00e9ans9 septembre 2022 \u00e0 partir de 9h30<\/p>\n","protected":false},"author":3,"featured_media":0,"comment_status":"closed","ping_status":"closed","sticky":false,"template":"","format":"standard","meta":{"_EventAllDay":false,"_EventTimezone":"","_EventStartDate":"","_EventEndDate":"","_EventStartDateUTC":"","_EventEndDateUTC":"","_EventShowMap":false,"_EventShowMapLink":false,"_EventURL":"","_EventCost":"","_EventCostDescription":"","_EventCurrencySymbol":"","_EventCurrencyCode":"","_EventCurrencyPosition":"","_EventDateTimeSeparator":"","_EventTimeRangeSeparator":"","_EventOrganizerID":[],"_EventVenueID":[],"_OrganizerEmail":"","_OrganizerPhone":"","_OrganizerWebsite":"","_VenueAddress":"","_VenueCity":"","_VenueCountry":"","_VenueProvince":"","_VenueState":"","_VenueZip":"","_VenuePhone":"","_VenueURL":"","_VenueStateProvince":"","_VenueLat":"","_VenueLng":"","_VenueShowMap":false,"_VenueShowMapLink":false,"footnotes":""},"categories":[28,30],"tags":[],"class_list":["post-3094","post","type-post","status-publish","format-standard","hentry","category-actualites","category-colloque"],"_links":{"self":[{"href":"http:\/\/sfej.asso.fr\/index.php?rest_route=\/wp\/v2\/posts\/3094","targetHints":{"allow":["GET"]}}],"collection":[{"href":"http:\/\/sfej.asso.fr\/index.php?rest_route=\/wp\/v2\/posts"}],"about":[{"href":"http:\/\/sfej.asso.fr\/index.php?rest_route=\/wp\/v2\/types\/post"}],"author":[{"embeddable":true,"href":"http:\/\/sfej.asso.fr\/index.php?rest_route=\/wp\/v2\/users\/3"}],"replies":[{"embeddable":true,"href":"http:\/\/sfej.asso.fr\/index.php?rest_route=%2Fwp%2Fv2%2Fcomments&post=3094"}],"version-history":[{"count":4,"href":"http:\/\/sfej.asso.fr\/index.php?rest_route=\/wp\/v2\/posts\/3094\/revisions"}],"predecessor-version":[{"id":3098,"href":"http:\/\/sfej.asso.fr\/index.php?rest_route=\/wp\/v2\/posts\/3094\/revisions\/3098"}],"wp:attachment":[{"href":"http:\/\/sfej.asso.fr\/index.php?rest_route=%2Fwp%2Fv2%2Fmedia&parent=3094"}],"wp:term":[{"taxonomy":"category","embeddable":true,"href":"http:\/\/sfej.asso.fr\/index.php?rest_route=%2Fwp%2Fv2%2Fcategories&post=3094"},{"taxonomy":"post_tag","embeddable":true,"href":"http:\/\/sfej.asso.fr\/index.php?rest_route=%2Fwp%2Fv2%2Ftags&post=3094"}],"curies":[{"name":"wp","href":"https:\/\/api.w.org\/{rel}","templated":true}]}}