{"id":3099,"date":"2022-09-05T19:17:06","date_gmt":"2022-09-05T17:17:06","guid":{"rendered":"http:\/\/sfej.asso.fr\/?p=3099"},"modified":"2022-09-05T19:17:07","modified_gmt":"2022-09-05T17:17:07","slug":"colloque-forum-franco-japonais-nouvelles-technologies-et-changements-de-paradigme-en-droit-et-en-sciences-politiques-8-et-9-septembre-2022","status":"publish","type":"post","link":"http:\/\/sfej.asso.fr\/?p=3099","title":{"rendered":"[Colloque]\u00a0Forum franco-japonais : Nouvelles technologies et changements de paradigme en droit et en sciences politiques (8 et 9 septembre 2022)"},"content":{"rendered":"\n<h2 class=\"has-text-align-center wp-block-heading\">Forum franco-japonais : Nouvelles technologies et changements de paradigme en droit et en sciences politiques<br>Universit\u00e9 Paris 1 Panth\u00e9on Sorbonne, Paris<br>8 et 9 septembre<\/h2>\n\n\n\n<!--more-->\n\n\n\n<h2 class=\"wp-block-heading\">Programme du jeudi 8 septembre<\/h2>\n\n\n\n<p>9h00-9h20 : Ouverture \/ <strong>Kazuhiko Saigo<\/strong>, JSPS Strasbourg Office ; <strong>Christine Neau-Leduc<\/strong>, Universit\u00e9 Paris 1 Panth\u00e9on Sorbonne<\/p>\n\n\n\n<p>9h20-11h05 : <strong>Session 1 Droit constitutionnel<\/strong> \/ Pr\u00e9sidence : <strong>Francis Kessler<\/strong>, Universit\u00e9 Paris 1 Panth\u00e9on Sorbonne et <strong>Sayaka Dake<\/strong>, Tohoku University<\/p>\n\n\n\n<p>9h20-9h50 : <strong>Val\u00e8re Ndior<\/strong>, Universit\u00e9 de Bretagne occidentale : \u00ab\u00a0Les institutions publiques face au d\u00e9veloppement de l&rsquo;activit\u00e9 num\u00e9rique &#8211; de l&rsquo;adaptation au contr\u00f4le\u00a0\u00bb<\/p>\n\n\n\n<p>9h50-10h20 : <strong>Shinji Kojima<\/strong>, The University of Tokyo : \u00ab\u00a0Les droits de la personnalit\u00e9 face \u00e0 la transformation num\u00e9rique : du droit subjectif \u00e0 l&rsquo;institution objective\u00a0\u00bb<\/p>\n\n\n\n<p>10h20-10h50 : <strong>Marc Peltier<\/strong>, Universit\u00e9 C\u00f4te d&rsquo;Azur Nice : \u00ab\u00a0Une illustration : les sportifs et les r\u00e9seaux sociaux apr\u00e8s les Jeux Olympiques de Tokyo\u00a0\u00bb<\/p>\n\n\n\n<p>10h50-11h05 : Discussion<\/p>\n\n\n\n<p><em>11h05-11h20 : Pause caf\u00e9<\/em><\/p>\n\n\n\n<p>11h20-12h30 : <strong>Session 2 Droit administratif<\/strong> \/ Pr\u00e9sidence : <strong>Sayaka Dake<\/strong>, Tohoku University et <strong>Francis<\/strong> <strong>Kessler<\/strong>, Universit\u00e9 Paris 1 Panth\u00e9on Sorbonne<\/p>\n\n\n\n<p>11h20-11h50 : <strong>Sophie Sontag-Koenig<\/strong>, Universit\u00e9 Paris Nanterre : \u00ab\u00a0Justice et d\u00e9mat\u00e9rialisation des proc\u00e9dures : du management judiciaire \u00e0 l&rsquo;adaptation au num\u00e9rique des droits fondamentaux\u00a0\u00bb<\/p>\n\n\n\n<p>11h50-12h20 : <strong>Nobuyuki Takahashi<\/strong>, Kokugakuin University : \u00ab\u00a0Le nucl\u00e9aire face au d\u00e9fi de l&rsquo;\u00e9nergie renouvelable\u00a0\u00bb<\/p>\n\n\n\n<p>12h20-12h30 : Discussion<\/p>\n\n\n\n<p><em>12h30-14h30 : Pause d\u00e9jeuner<\/em><\/p>\n\n\n\n<p>14h30-15h40 : <strong>Session 3 Droit du travail <\/strong>\/ Pr\u00e9sidence : <strong>Ridha Ben Hamza<\/strong>, Universit\u00e9 Paris 1 Panth\u00e9on Sorbonne<\/p>\n\n\n\n<p>14h30-15h00 : <strong>Arnaud Casado<\/strong>, Universit\u00e9 Paris 1 Panth\u00e9on Sorbonne : \u00ab\u00a0L&rsquo;impact des nouvelles technologies sur l&rsquo;ex\u00e9cution du contrat de travail\u00a0\u00bb<\/p>\n\n\n\n<p>15h00-15h30 : <strong>Yoshiharu Toya<\/strong>, University of the Ryukyus : \u00ab\u00a0D\u00e9veloppement de l&rsquo;\u00e9conomie des plateformes et du droit du travail japonais &#8211; Vers un nouveau syst\u00e8me de protection l\u00e9gal des travailleurs ind\u00e9pendants ?\u00a0\u00bb<\/p>\n\n\n\n<p>15h30-15h40 : Discussion<\/p>\n\n\n\n<p><em>15h40-16h10 : Pause caf\u00e9<\/em><\/p>\n\n\n\n<p>16h10-17h30 : <strong>Session 4 Droit de la s\u00e9curit\u00e9 sociale <\/strong>\/ Pr\u00e9sidence : <strong>Ridha Ben Hamza<\/strong>, Universit\u00e9 Paris 1 Panth\u00e9on Sorbonne<\/p>\n\n\n\n<p>16h10-16h40 : <strong>Lixin He<\/strong>, Universit\u00e9 Paris 1 Panth\u00e9on Sorbonne : \u00ab\u00a0\u00c9volution des prestations familiales fran\u00e7aises\u00a0\u00bb<\/p>\n\n\n\n<p>16h40-17h15 : <strong>Eri Kasagi<\/strong>, The University of Tokyo ; <strong>Sayaka Dake<\/strong>, Tohoku University : \u00ab\u00a0Innovations technologiques et le droit de la protection sociale &#8211; Changement de paradigmes ?\u00a0\u00bb<\/p>\n\n\n\n<p>17h15-17h30 : Discussion<\/p>\n\n\n\n<h2 class=\"wp-block-heading\">Programme du vendredi 9 septembre<\/h2>\n\n\n\n<p><em>10h00-10h30 : Petit-d\u00e9jeuner<\/em><\/p>\n\n\n\n<p>10h30-10h40 : Ouverture de la session \/ <strong>Mustapha Mekki<\/strong>, Universit\u00e9 Paris 1 Panth\u00e9on Sorbonne<\/p>\n\n\n\n<p>10h40-11h50 : <strong>Session 5 Droit priv\u00e9<\/strong> \/ Pr\u00e9sidence : <strong>Mustapha Mekki<\/strong>, Universit\u00e9 Paris 1 Panth\u00e9on Sorbonne<\/p>\n\n\n\n<p>10h40-11h10 : <strong>Isabelle Konuma<\/strong>, Inalco Paris : \u00ab\u00a0Filiation et PMA au Japon\u00a0\u00bb<\/p>\n\n\n\n<p>11h40-11h50 : Discussion<\/p>\n\n\n\n<p>11h50-13h20 : <strong>Session 6 Sciences Politique<\/strong>s \/ Pr\u00e9sidence : <strong>Mich\u00e8le Fort\u00e9<\/strong>, Universit\u00e9 de Strasbourg<\/p>\n\n\n\n<p>11h50-12h20 : <strong>Julien Damon<\/strong>, Sciences Po Paris : \u00ab\u00a0Nouvelles technologies et classes moyennes en France\u00a0\u00bb<\/p>\n\n\n\n<p>12h20-12h50 : <strong>Toru Yoshida<\/strong>, Doshisha University : \u00ab\u00a0\u00a0\u00bbModel d&rsquo;Adh\u00e9sion\u00a0\u00bb : Est-ce que le mod\u00e8le du travail japonais est devenu obsol\u00e8te \u00e0 l&rsquo;heure de la Grande transformation ?\u00a0\u00bb<\/p>\n\n\n\n<p>12h50-13h05 : <strong>Emilie Sugamiya<\/strong>, The University of Tokyo : \u00ab\u00a0Classifications et promotion sociale en France\u00a0\u00bb<\/p>\n\n\n\n<p>13h05-13h20 : Discussion<\/p>\n\n\n\n<p>13h20-13h30 : Remarques finales \/ <strong>Toshiya Ueki<\/strong>, Tohoku University<\/p>\n\n\n\n<p>Post-Forum \u00c9cole de Droit, Universit\u00e9 Paris 1 Panth\u00e9on Sorbonne et School of Law, Tohoku University<\/p>\n\n\n\n<p>14h30 : <strong>Post-Forum <\/strong>\/ <strong>Toshiya Ueki<\/strong>, Tohoku University ; <strong>Mustapha Mekki<\/strong>, Universit\u00e9 Paris 1 Panth\u00e9on Sorbonne \/ Pr\u00e9sidence : <strong>Fran\u00e7ois-Guy Trebulle<\/strong>, \u00c9cole de Droit, Universit\u00e9 Paris 1 Panth\u00e9on Sorbonne <\/p>\n\n\n\n<p>14h45-15h05 : <strong>Fran\u00e7ois-Guy Trebulle<\/strong>, \u00c9cole de Droit, Universit\u00e9 Paris 1 Panth\u00e9on Sorbonne : \u00ab\u00a0L&rsquo;entreprise au d\u00e9fi de la durabilit\u00e9\u00a0\u00bb<\/p>\n\n\n\n<p>15h05-15h20 : <strong>Akito Uno<\/strong>, Tohoku University : \u00ab\u00a0La technologie d&rsquo;\u00e9valuation de solvabilit\u00e9 et le droit d&rsquo;entreprise en difficult\u00e9\u00a0\u00bb<\/p>\n\n\n\n<p>15h20-15h35 : <strong>Yuta Ikeda<\/strong>, Tohoku University : \u00ab\u00a0Formalisme et soci\u00e9t\u00e9 num\u00e9rique\u00a0\u00bb<\/p>\n\n\n\n<p>15h35 : Discussion<\/p>\n\n\n\n<p>15h50-16h20 : <strong>Francis Kessler<\/strong>, \u00c9cole de Droit, Universit\u00e9 Paris 1 Panth\u00e9on Sorbonne : \u00ab\u00a0L&rsquo;assurance d\u00e9pendance en France : un monstre du Loch ness ?\u00a0\u00bb<\/p>\n\n\n\n<p>16h20-16h50 : <strong>Sayaka Dake,<\/strong> Tohoku University : \u00ab\u00a0L&rsquo;assurance d\u00e9pendance au Japon : quelles nouveaut\u00e9s pour soutenir l&rsquo;autonomie des personnes \u00e2g\u00e9es ?\u00a0\u00bb<\/p>\n\n\n\n<p>16h50-17h00 : Discussion<\/p>\n\n\n\n<p>17h00-17h15 : <strong>Cl\u00f4ture du Post-Forum<\/strong> \/ <strong>Mustapha Mekk<\/strong>i, \u00c9cole de Droit, Universit\u00e9 Paris 1 Panth\u00e9on Sorbonne<\/p>\n\n\n\n<h2 class=\"wp-block-heading\">Lieu du Colloque <\/h2>\n\n\n\n<p>Universit\u00e9 Paris 1 Panth\u00e9on Sorbonne, 12 place du Panth\u00e9on, 75 005, Paris, Salle 1<\/p>\n\n\n\n<p><a href=\"https:\/\/www.pantheonsorbonne.fr\/evenements\/forum-franco-japonais-nouvelles-technologies-et-changements-paradigme-en-droit-et-en\" target=\"_blank\" rel=\"noreferrer noopener\">Sur inscription<\/a><\/p>\n","protected":false},"excerpt":{"rendered":"<p>Forum franco-japonais : Nouvelles technologies et changements de paradigme en droit et en sciences politiquesUniversit\u00e9 Paris 1 Panth\u00e9on Sorbonne, Paris8 et 9 septembre<\/p>\n","protected":false},"author":3,"featured_media":0,"comment_status":"closed","ping_status":"closed","sticky":false,"template":"","format":"standard","meta":{"_EventAllDay":false,"_EventTimezone":"","_EventStartDate":"","_EventEndDate":"","_EventStartDateUTC":"","_EventEndDateUTC":"","_EventShowMap":false,"_EventShowMapLink":false,"_EventURL":"","_EventCost":"","_EventCostDescription":"","_EventCurrencySymbol":"","_EventCurrencyCode":"","_EventCurrencyPosition":"","_EventDateTimeSeparator":"","_EventTimeRangeSeparator":"","_EventOrganizerID":[],"_EventVenueID":[],"_OrganizerEmail":"","_OrganizerPhone":"","_OrganizerWebsite":"","_VenueAddress":"","_VenueCity":"","_VenueCountry":"","_VenueProvince":"","_VenueState":"","_VenueZip":"","_VenuePhone":"","_VenueURL":"","_VenueStateProvince":"","_VenueLat":"","_VenueLng":"","_VenueShowMap":false,"_VenueShowMapLink":false,"footnotes":""},"categories":[28,30],"tags":[],"class_list":["post-3099","post","type-post","status-publish","format-standard","hentry","category-actualites","category-colloque"],"_links":{"self":[{"href":"http:\/\/sfej.asso.fr\/index.php?rest_route=\/wp\/v2\/posts\/3099","targetHints":{"allow":["GET"]}}],"collection":[{"href":"http:\/\/sfej.asso.fr\/index.php?rest_route=\/wp\/v2\/posts"}],"about":[{"href":"http:\/\/sfej.asso.fr\/index.php?rest_route=\/wp\/v2\/types\/post"}],"author":[{"embeddable":true,"href":"http:\/\/sfej.asso.fr\/index.php?rest_route=\/wp\/v2\/users\/3"}],"replies":[{"embeddable":true,"href":"http:\/\/sfej.asso.fr\/index.php?rest_route=%2Fwp%2Fv2%2Fcomments&post=3099"}],"version-history":[{"count":5,"href":"http:\/\/sfej.asso.fr\/index.php?rest_route=\/wp\/v2\/posts\/3099\/revisions"}],"predecessor-version":[{"id":3108,"href":"http:\/\/sfej.asso.fr\/index.php?rest_route=\/wp\/v2\/posts\/3099\/revisions\/3108"}],"wp:attachment":[{"href":"http:\/\/sfej.asso.fr\/index.php?rest_route=%2Fwp%2Fv2%2Fmedia&parent=3099"}],"wp:term":[{"taxonomy":"category","embeddable":true,"href":"http:\/\/sfej.asso.fr\/index.php?rest_route=%2Fwp%2Fv2%2Fcategories&post=3099"},{"taxonomy":"post_tag","embeddable":true,"href":"http:\/\/sfej.asso.fr\/index.php?rest_route=%2Fwp%2Fv2%2Ftags&post=3099"}],"curies":[{"name":"wp","href":"https:\/\/api.w.org\/{rel}","templated":true}]}}