{"id":3162,"date":"2022-10-05T08:17:00","date_gmt":"2022-10-05T06:17:00","guid":{"rendered":"http:\/\/sfej.asso.fr\/?p=3162"},"modified":"2022-10-05T08:17:10","modified_gmt":"2022-10-05T06:17:10","slug":"appel-a-candidatures-prix-ffj-christian-polak-2023-meilleur-memoire-de-master-sur-le-japon-date-limite-31-octobre-2022","status":"publish","type":"post","link":"http:\/\/sfej.asso.fr\/?p=3162","title":{"rendered":"[Appel \u00e0 candidatures] **Prix FFJ\/Christian Polak 2023** Meilleur m\u00e9moire de master sur le Japon (date limite 31 octobre 2022)"},"content":{"rendered":"\n<h2 class=\"has-text-align-center wp-block-heading\">Prix FFJ\/Christian Polak 2023<br>Meilleur m\u00e9moire de master sur le Japon<\/h2>\n\n\n\n<p>La Fondation France-Japon de l&rsquo;EHESS a le plaisir d&rsquo;annoncer le lancement de l&rsquo;appel \u00e0 candidatures de la huiti\u00e8me \u00e9dition du Prix FFJ\/Christian Polak du meilleur m\u00e9moire de master sur le Japon. Ce Prix r\u00e9compense l&rsquo;excellence et la valeur universitaires et scientifiques de trois m\u00e9moires de master sur le Japon. Gr\u00e2ce au soutien de M. Christian Polak, la Fondation verse le montant de 2 000 \u20ac au ou \u00e0 la laur\u00e9at(e) du Premier Prix, 1 500 \u20ac \u00e0 celui ou celle du Deuxi\u00e8me Prix et 1 000 \u20ac \u00e0 celui ou celle du Troisi\u00e8me Prix. <\/p>\n\n\n\n<p>L&rsquo;appel \u00e0 candidature, le r\u00e8glement int\u00e9gral du Prix ainsi que la liste des anciens laur\u00e9ats sont disponibles en t\u00e9l\u00e9chargement sur le site Internet de la Fondation France-Japon de l&rsquo;EHESS <a rel=\"noreferrer noopener\" href=\"http:\/\/ffj.ehess.fr\/prixchristianpolak.html\" target=\"_blank\">en cliquant sur ce lien<\/a>.<\/p>\n\n\n\n<h2 class=\"wp-block-heading\">Crit\u00e8res d&rsquo;\u00e9ligibilit\u00e9 du m\u00e9moire<\/h2>\n\n\n\n<ul class=\"wp-block-list\"><li>Concerner le Japon dans une perspective ar\u00e9ale ou compar\u00e9e<\/li><li>Avoir \u00e9t\u00e9 r\u00e9dig\u00e9 en fran\u00e7ais<\/li><li>Avoir \u00e9t\u00e9 soutenu au terme d&rsquo;un cursus de master et au terme de l&rsquo;ann\u00e9e universitaire 2021-2022<\/li><li>Entrer dans le champ des sciences humaines et sociales<\/li><\/ul>\n\n\n\n<h2 class=\"wp-block-heading\">Pi\u00e8ces du dossier \u00e0 fournir<\/h2>\n\n\n\n<ul class=\"wp-block-list\"><li>Int\u00e9gralit\u00e9 du m\u00e9moire<\/li><li>R\u00e9sum\u00e9 d&rsquo;une page du m\u00e9moire<\/li><li>Document mentionnant la composition du jury de la soutenance<\/li><li>Avis motiv\u00e9 du directeur ou de la directrice de m\u00e9moire \u00e0 l&rsquo;attention du Comit\u00e9 de s\u00e9lection du Prix FFJ\/Christian Polak<\/li><li>Curriculum vitae<\/li><\/ul>\n\n\n\n<p>Le dossier de candidature est \u00e0 envoyer \u00e0 <a href=\"mailto:prixpolak_ffj@ehess.fr\" target=\"_blank\" rel=\"noreferrer noopener\">prixpolak_ffj@ehess.fr<\/a><strong> avant le 31 octobre 2022<\/strong>, minuit. Chacune des pi\u00e8ces de ce dossier doit \u00eatre au format PDF et nomm\u00e9e \u00ab\u00a0nom du candidat &#8211; type de document\u00a0\u00bb. <\/p>\n\n\n\n<p>Les r\u00e9sultats seront annonc\u00e9s aux candidats puis rendus publics en <strong>f\u00e9vrier 2023<\/strong> apr\u00e8s la r\u00e9union du Comit\u00e9 de s\u00e9lection, et une c\u00e9r\u00e9monie de remise du Prix sera organis\u00e9e. <\/p>\n","protected":false},"excerpt":{"rendered":"<p>Prix FFJ\/Christian Polak 2023Meilleur m\u00e9moire de master sur le Japon La Fondation France-Japon de l&rsquo;EHESS a le plaisir d&rsquo;annoncer le lancement de l&rsquo;appel \u00e0 candidatures de la huiti\u00e8me \u00e9dition du Prix FFJ\/Christian Polak du meilleur m\u00e9moire de master sur le&hellip;&nbsp;<a href=\"http:\/\/sfej.asso.fr\/?p=3162\" class=\"more-link\">Lire la suite<\/a><\/p>\n","protected":false},"author":3,"featured_media":2121,"comment_status":"closed","ping_status":"closed","sticky":false,"template":"","format":"standard","meta":{"_EventAllDay":false,"_EventTimezone":"","_EventStartDate":"","_EventEndDate":"","_EventStartDateUTC":"","_EventEndDateUTC":"","_EventShowMap":false,"_EventShowMapLink":false,"_EventURL":"","_EventCost":"","_EventCostDescription":"","_EventCurrencySymbol":"","_EventCurrencyCode":"","_EventCurrencyPosition":"","_EventDateTimeSeparator":"","_EventTimeRangeSeparator":"","_EventOrganizerID":[],"_EventVenueID":[],"_OrganizerEmail":"","_OrganizerPhone":"","_OrganizerWebsite":"","_VenueAddress":"","_VenueCity":"","_VenueCountry":"","_VenueProvince":"","_VenueState":"","_VenueZip":"","_VenuePhone":"","_VenueURL":"","_VenueStateProvince":"","_VenueLat":"","_VenueLng":"","_VenueShowMap":false,"_VenueShowMapLink":false,"footnotes":""},"categories":[28,29],"tags":[],"class_list":["post-3162","post","type-post","status-publish","format-standard","has-post-thumbnail","hentry","category-actualites","category-appel"],"_links":{"self":[{"href":"http:\/\/sfej.asso.fr\/index.php?rest_route=\/wp\/v2\/posts\/3162","targetHints":{"allow":["GET"]}}],"collection":[{"href":"http:\/\/sfej.asso.fr\/index.php?rest_route=\/wp\/v2\/posts"}],"about":[{"href":"http:\/\/sfej.asso.fr\/index.php?rest_route=\/wp\/v2\/types\/post"}],"author":[{"embeddable":true,"href":"http:\/\/sfej.asso.fr\/index.php?rest_route=\/wp\/v2\/users\/3"}],"replies":[{"embeddable":true,"href":"http:\/\/sfej.asso.fr\/index.php?rest_route=%2Fwp%2Fv2%2Fcomments&post=3162"}],"version-history":[{"count":1,"href":"http:\/\/sfej.asso.fr\/index.php?rest_route=\/wp\/v2\/posts\/3162\/revisions"}],"predecessor-version":[{"id":3163,"href":"http:\/\/sfej.asso.fr\/index.php?rest_route=\/wp\/v2\/posts\/3162\/revisions\/3163"}],"wp:featuredmedia":[{"embeddable":true,"href":"http:\/\/sfej.asso.fr\/index.php?rest_route=\/wp\/v2\/media\/2121"}],"wp:attachment":[{"href":"http:\/\/sfej.asso.fr\/index.php?rest_route=%2Fwp%2Fv2%2Fmedia&parent=3162"}],"wp:term":[{"taxonomy":"category","embeddable":true,"href":"http:\/\/sfej.asso.fr\/index.php?rest_route=%2Fwp%2Fv2%2Fcategories&post=3162"},{"taxonomy":"post_tag","embeddable":true,"href":"http:\/\/sfej.asso.fr\/index.php?rest_route=%2Fwp%2Fv2%2Ftags&post=3162"}],"curies":[{"name":"wp","href":"https:\/\/api.w.org\/{rel}","templated":true}]}}