{"id":3223,"date":"2022-09-30T11:46:25","date_gmt":"2022-09-30T09:46:25","guid":{"rendered":"http:\/\/sfej.asso.fr\/?p=3223"},"modified":"2022-09-30T11:46:25","modified_gmt":"2022-09-30T09:46:25","slug":"conference-titre-provisoire-au-coeur-de-lenigme-les-mysteres-de-la-chambre-close-version-litterature-japonaise-par-cecile-sakai-samedi-26-novembre-2022","status":"publish","type":"post","link":"http:\/\/sfej.asso.fr\/?p=3223","title":{"rendered":"[Conf\u00e9rence] Titre provisoire \u00ab\u00a0Au coeur de l&rsquo;\u00e9nigme : les myst\u00e8res de la chambre close version litt\u00e9rature japonaise\u00a0\u00bb, par C\u00e9cile Sakai (samedi 26 novembre 2022)"},"content":{"rendered":"\n<p>Suite \u00e0 son d\u00e9part de l&rsquo;Universit\u00e9 Paris Cit\u00e9, C\u00e9cile SAKAI donnera, l&rsquo;apr\u00e8s-midi du samedi 26 novembre 2022, une grande conf\u00e9rence dont le titre provisoire est : <\/p>\n\n\n\n<h2 class=\"has-text-align-center wp-block-heading\">\u00ab\u00a0Au coeur de l&rsquo;\u00e9nigme : les myst\u00e8res de la chambre close version litt\u00e9rature japonaise\u00a0\u00bb<\/h2>\n\n\n\n<p>Cette conf\u00e9rence aura lieu \u00e0 l&rsquo;Universit\u00e9 Paris Cit\u00e9, amphith\u00e9\u00e2tre Buffon et viendra cl\u00f4turer le lancement officiel du RELIJAM, R\u00e9seau de Litt\u00e9rature Japonaise Moderne, dont l&rsquo;objectif est de r\u00e9unir les chercheurs, les enseignants-chercheurs, les postdocs, les doctorants, etc., qui travaillent sur la litt\u00e9rature japonaise moderne et contemporaine. Plusieurs interventions seront pr\u00e9vues et un programme plus pr\u00e9cis, en cours de finalisation, sera diffus\u00e9 d\u00e9but novembre. <\/p>\n\n\n\n<p>Toutes les personnes int\u00e9ress\u00e9es sont invit\u00e9es \u00e0 retenir la date du 26 novembre 2022. <\/p>\n","protected":false},"excerpt":{"rendered":"<p>Suite \u00e0 son d\u00e9part de l&rsquo;Universit\u00e9 Paris Cit\u00e9, C\u00e9cile SAKAI donnera, l&rsquo;apr\u00e8s-midi du samedi 26 novembre 2022, une grande conf\u00e9rence dont le titre provisoire est : \u00ab\u00a0Au coeur de l&rsquo;\u00e9nigme : les myst\u00e8res de la chambre close version litt\u00e9rature japonaise\u00a0\u00bb&hellip;&nbsp;<a href=\"http:\/\/sfej.asso.fr\/?p=3223\" class=\"more-link\">Lire la suite<\/a><\/p>\n","protected":false},"author":3,"featured_media":0,"comment_status":"closed","ping_status":"closed","sticky":false,"template":"","format":"standard","meta":{"_EventAllDay":false,"_EventTimezone":"","_EventStartDate":"","_EventEndDate":"","_EventStartDateUTC":"","_EventEndDateUTC":"","_EventShowMap":false,"_EventShowMapLink":false,"_EventURL":"","_EventCost":"","_EventCostDescription":"","_EventCurrencySymbol":"","_EventCurrencyCode":"","_EventCurrencyPosition":"","_EventDateTimeSeparator":"","_EventTimeRangeSeparator":"","_EventOrganizerID":[],"_EventVenueID":[],"_OrganizerEmail":"","_OrganizerPhone":"","_OrganizerWebsite":"","_VenueAddress":"","_VenueCity":"","_VenueCountry":"","_VenueProvince":"","_VenueState":"","_VenueZip":"","_VenuePhone":"","_VenueURL":"","_VenueStateProvince":"","_VenueLat":"","_VenueLng":"","_VenueShowMap":false,"_VenueShowMapLink":false,"footnotes":""},"categories":[28,31],"tags":[],"class_list":["post-3223","post","type-post","status-publish","format-standard","hentry","category-actualites","category-conference"],"_links":{"self":[{"href":"http:\/\/sfej.asso.fr\/index.php?rest_route=\/wp\/v2\/posts\/3223","targetHints":{"allow":["GET"]}}],"collection":[{"href":"http:\/\/sfej.asso.fr\/index.php?rest_route=\/wp\/v2\/posts"}],"about":[{"href":"http:\/\/sfej.asso.fr\/index.php?rest_route=\/wp\/v2\/types\/post"}],"author":[{"embeddable":true,"href":"http:\/\/sfej.asso.fr\/index.php?rest_route=\/wp\/v2\/users\/3"}],"replies":[{"embeddable":true,"href":"http:\/\/sfej.asso.fr\/index.php?rest_route=%2Fwp%2Fv2%2Fcomments&post=3223"}],"version-history":[{"count":1,"href":"http:\/\/sfej.asso.fr\/index.php?rest_route=\/wp\/v2\/posts\/3223\/revisions"}],"predecessor-version":[{"id":3224,"href":"http:\/\/sfej.asso.fr\/index.php?rest_route=\/wp\/v2\/posts\/3223\/revisions\/3224"}],"wp:attachment":[{"href":"http:\/\/sfej.asso.fr\/index.php?rest_route=%2Fwp%2Fv2%2Fmedia&parent=3223"}],"wp:term":[{"taxonomy":"category","embeddable":true,"href":"http:\/\/sfej.asso.fr\/index.php?rest_route=%2Fwp%2Fv2%2Fcategories&post=3223"},{"taxonomy":"post_tag","embeddable":true,"href":"http:\/\/sfej.asso.fr\/index.php?rest_route=%2Fwp%2Fv2%2Ftags&post=3223"}],"curies":[{"name":"wp","href":"https:\/\/api.w.org\/{rel}","templated":true}]}}