{"id":3225,"date":"2022-10-01T09:46:41","date_gmt":"2022-10-01T07:46:41","guid":{"rendered":"http:\/\/sfej.asso.fr\/?p=3225"},"modified":"2022-10-01T09:46:41","modified_gmt":"2022-10-01T07:46:41","slug":"appel-a-communications-pour-le-seminaire-japarchi-2023-sur-la-notion-de-photographie-darchitecture-date-limite-15-decembre-2022","status":"publish","type":"post","link":"http:\/\/sfej.asso.fr\/?p=3225","title":{"rendered":"[Appel \u00e0 communications] Pour le s\u00e9minaire JAPARCHI 2023 sur la notion de \u00ab\u00a0photographie d&rsquo;architecture\u00a0\u00bb (date limite 15 d\u00e9cembre 2022)"},"content":{"rendered":"\n<p>Sylvie Brosseau, Catherine Grout et C\u00e9cile Laly, du r\u00e9seau Japarchi, lancent un appel \u00e0 communications pour le s\u00e9minaire JAPARCHI de l&rsquo;ann\u00e9e 2023, qui portera sur la notion japonaise de : <\/p>\n\n\n\n<h2 class=\"has-text-align-center wp-block-heading\">\u00ab\u00a0Photographie d&rsquo;architecture ou <em>kenchiku shashin<\/em> \u5efa\u7bc9\u5199\u771f\u00a0\u00bb<\/h2>\n\n\n\n<p>Cette notion peut \u00eatre abord\u00e9e sous diff\u00e9rents axes : historique, patrimonial, artistique, \u00e9conomique, sociologique, etc. La \u00ab photographie d\u2019architecture (<em>kenchiku shashin<\/em> \u5efa\u7bc9\u5199\u771f) \u00bb est un sujet vaste et<br>prot\u00e9iforme, puisque cette notion sera envisag\u00e9e diff\u00e9remment par les architectes, les<br>urbanistes, les d\u00e9corateurs d\u2019int\u00e9rieur, les promoteurs, les \u00e9diteurs, les photographes amateurs,<br>les photographes professionnels commissionn\u00e9s, ou encore les artistes photographes, pour ne<br>citer que quelques profils. C\u2019est justement cette confrontation des acceptions et des utilisations<br>qui nous int\u00e9resse. En effet, alors que la photographie d\u2019architecture fait preuve d\u2019une<br>monstration large et r\u00e9guli\u00e8re depuis le XIX<sup>e<\/sup> si\u00e8cle, par le biais d\u2019albums, de magazines d\u00e9di\u00e9s,<br>de publications en s\u00e9rie, d\u2019ouvrages ponctuels, et d\u2019expositions, il n\u2019existe aujourd\u2019hui aucune \u00e9tude approfondie qui en permette une compr\u00e9hension globale.<\/p>\n\n\n\n<h2 class=\"wp-block-heading\">Exemples d&rsquo;approches th\u00e9matiques (liste non exhaustive)<\/h2>\n\n\n\n<p>\u2022 Monographie de photographes d\u2019architecture<br>\u2022 Photographies des r\u00e9alisations d\u2019un.e architecte<br>\u2022 Architectes devenant photographes<br>\u2022 S\u00e9ries de photographies ou livres de photographies d\u2019artistes dans lesquels le construit joue un r\u00f4le direct ou indirect<br>\u2022 Utilisation du m\u00e9dium photographique dans une revue d\u2019architecture, par exemple GA<br>(Global Architecture)<br>\u2022 Revues de photo d\u2019architecture, telles que le Bulletin de photographie d\u2019architecture<br>(\u300e\u5efa\u7bc9\u5199\u771f\u6642\u5831\u300f<em>kenchiku shashin jih\u014d<\/em>) 1912-14, ou Photographie d\u2019architecture<br>(\u300e\u5efa\u7bc9\u5199\u771f\u985e\u805a\u300f<em>kenchiku shashin ruij\u016b<\/em>), 1915-1943<br>\u2022 Fonds photographique d\u2019entreprise<br>\u2022 Fonds photographique de mus\u00e9e ou de biblioth\u00e8que<br>\u2022 Missions photographiques<br>\u2022 La photographie d\u2019architecture comme m\u00e9taphore de l\u2019humain ou de la soci\u00e9t\u00e9<br>3<br>\u2022 Histoire de la Soci\u00e9t\u00e9 des photographes d\u2019architecture du Japon (JAPS) \u65e5\u672c\u5efa\u7bc9\u5199\u771f\u5bb6<br>\u5354\u4f1a (1979-)<br>\u2022 Comparaison entre la Soci\u00e9t\u00e9 des photographes d\u2019architecture du Japon (JAPS) fond\u00e9e<br>en 1979 et l\u2019Architectural Photographic Association fond\u00e9e en 1857 et\/ou la Soci\u00e9t\u00e9<br>internationale de photographie d\u2019architecture fond\u00e9e en 1864<br>\u2022 Publications en s\u00e9rie, telle que Photographies d\u2019architectures c\u00e9l\u00e8bres du Japon (\u300e\u65e5\u672c<br>\u540d\u5efa\u7bc9\u5199\u771f\u9078\u96c6\u300f<em>Nihon mei-kenchiku shashin sensh\u016b<\/em>), 1992-93, \u00e9d. Shinch\u014dsha<br>\u2022 Formation \u00e0 la photographie d\u2019architecture dans les \u00e9coles et universit\u00e9s japonaises<\/p>\n\n\n\n<h2 class=\"wp-block-heading\">Dates des s\u00e9ances<\/h2>\n\n\n\n<p>Les s\u00e9ances sont pr\u00e9vues en ligne, mais si plusieurs participants d&rsquo;une m\u00eame session \u00e9taient \u00e0 Tokyo, Kyoto, ou Paris, il serait envisag\u00e9 d&rsquo;avoir recours \u00e0 un format hybride, sous r\u00e9serve des possibilit\u00e9s mat\u00e9rielles du moment.<\/p>\n\n\n\n<ul class=\"wp-block-list\"><li>S\u00e9ance du samedi 18 f\u00e9vrier 2023<\/li><li>S\u00e9ance du samedi 15 avril 2023<\/li><li>S\u00e9ance du samedi 20 mai 2023<\/li><li>S\u00e9ance du samedi 3 juin 2023<\/li><\/ul>\n\n\n\n<h2 class=\"wp-block-heading\">Vos propositions<\/h2>\n\n\n\n<p>Il vous est demand\u00e9 d&rsquo;envoyer vos propositions de 1 000 caract\u00e8res, avec une courte biographie (300 caract\u00e8res) et une bibliographie indicative \u00e0 : cecilelaly[a]gmail.com <strong>et<\/strong> japarchi[a]gmail.com <strong><span style=\"text-decoration: underline\" class=\"underline\">avant le 15 d\u00e9cembre 2022<\/span><\/strong>. Vous indiquerez \u00e9galement les dates de s\u00e9ances pour lesquelles vous pouvez intervenir, ainsi que la ville dans laquelle vous vous trouverez \u00e0 ces dates. <\/p>\n\n\n\n<p><strong><em>(<a rel=\"noreferrer noopener\" href=\"http:\/\/sfej.asso.fr\/wp-content\/uploads\/2022\/10\/CFP_Japarchi_photo-archi-final.pdf\" data-type=\"URL\" data-id=\"http:\/\/sfej.asso.fr\/wp-content\/uploads\/2022\/10\/CFP_Japarchi_photo-archi-final.pdf\" target=\"_blank\">Dossier de pr\u00e9sentation sur ce lien<\/a>)<\/em><\/strong><\/p>\n","protected":false},"excerpt":{"rendered":"<p>Sylvie Brosseau, Catherine Grout et C\u00e9cile Laly, du r\u00e9seau Japarchi, lancent un appel \u00e0 communications pour le s\u00e9minaire JAPARCHI de l&rsquo;ann\u00e9e 2023, qui portera sur la notion japonaise de : \u00ab\u00a0Photographie d&rsquo;architecture ou kenchiku shashin \u5efa\u7bc9\u5199\u771f\u00a0\u00bb Cette notion peut \u00eatre&hellip;&nbsp;<a href=\"http:\/\/sfej.asso.fr\/?p=3225\" class=\"more-link\">Lire la suite<\/a><\/p>\n","protected":false},"author":3,"featured_media":3226,"comment_status":"closed","ping_status":"closed","sticky":false,"template":"","format":"standard","meta":{"_EventAllDay":false,"_EventTimezone":"","_EventStartDate":"","_EventEndDate":"","_EventStartDateUTC":"","_EventEndDateUTC":"","_EventShowMap":false,"_EventShowMapLink":false,"_EventURL":"","_EventCost":"","_EventCostDescription":"","_EventCurrencySymbol":"","_EventCurrencyCode":"","_EventCurrencyPosition":"","_EventDateTimeSeparator":"","_EventTimeRangeSeparator":"","_EventOrganizerID":[],"_EventVenueID":[],"_OrganizerEmail":"","_OrganizerPhone":"","_OrganizerWebsite":"","_VenueAddress":"","_VenueCity":"","_VenueCountry":"","_VenueProvince":"","_VenueState":"","_VenueZip":"","_VenuePhone":"","_VenueURL":"","_VenueStateProvince":"","_VenueLat":"","_VenueLng":"","_VenueShowMap":false,"_VenueShowMapLink":false,"footnotes":""},"categories":[28,29],"tags":[],"class_list":["post-3225","post","type-post","status-publish","format-standard","has-post-thumbnail","hentry","category-actualites","category-appel"],"_links":{"self":[{"href":"http:\/\/sfej.asso.fr\/index.php?rest_route=\/wp\/v2\/posts\/3225","targetHints":{"allow":["GET"]}}],"collection":[{"href":"http:\/\/sfej.asso.fr\/index.php?rest_route=\/wp\/v2\/posts"}],"about":[{"href":"http:\/\/sfej.asso.fr\/index.php?rest_route=\/wp\/v2\/types\/post"}],"author":[{"embeddable":true,"href":"http:\/\/sfej.asso.fr\/index.php?rest_route=\/wp\/v2\/users\/3"}],"replies":[{"embeddable":true,"href":"http:\/\/sfej.asso.fr\/index.php?rest_route=%2Fwp%2Fv2%2Fcomments&post=3225"}],"version-history":[{"count":2,"href":"http:\/\/sfej.asso.fr\/index.php?rest_route=\/wp\/v2\/posts\/3225\/revisions"}],"predecessor-version":[{"id":3229,"href":"http:\/\/sfej.asso.fr\/index.php?rest_route=\/wp\/v2\/posts\/3225\/revisions\/3229"}],"wp:featuredmedia":[{"embeddable":true,"href":"http:\/\/sfej.asso.fr\/index.php?rest_route=\/wp\/v2\/media\/3226"}],"wp:attachment":[{"href":"http:\/\/sfej.asso.fr\/index.php?rest_route=%2Fwp%2Fv2%2Fmedia&parent=3225"}],"wp:term":[{"taxonomy":"category","embeddable":true,"href":"http:\/\/sfej.asso.fr\/index.php?rest_route=%2Fwp%2Fv2%2Fcategories&post=3225"},{"taxonomy":"post_tag","embeddable":true,"href":"http:\/\/sfej.asso.fr\/index.php?rest_route=%2Fwp%2Fv2%2Ftags&post=3225"}],"curies":[{"name":"wp","href":"https:\/\/api.w.org\/{rel}","templated":true}]}}