{"id":3230,"date":"2022-10-03T08:41:48","date_gmt":"2022-10-03T06:41:48","guid":{"rendered":"http:\/\/sfej.asso.fr\/?p=3230"},"modified":"2022-10-03T08:41:49","modified_gmt":"2022-10-03T06:41:49","slug":"symposium-anthropology-of-tribulation-and-hope-from-fukushima-9-et-10-octobre-2022","status":"publish","type":"post","link":"http:\/\/sfej.asso.fr\/?p=3230","title":{"rendered":"[Symposium] \u00ab\u00a0Anthropology of tribulation and hope from Fukushima\u00a0\u00bb (9 et 10 octobre 2022)"},"content":{"rendered":"\n<p>Le Waseda Institute of Medical Anthropology on Disaster Reconstruction (WIMA) et le Mitate Lab. Post-Fukushima Studies organisent, les dimanche 9 et lundi 10 octobre 2022, un symposium intitul\u00e9 :<\/p>\n\n\n\n<h2 class=\"has-text-align-center wp-block-heading\">\u00ab\u00a0Anthropology of Tribulation and Hope from FUKUSHIMA\u00a0\u00bb<\/h2>\n\n\n\n<p>Le symposium sera diffus\u00e9 en simultan\u00e9 sur Zoom, toutefois il est n\u00e9cessaire de <a rel=\"noreferrer noopener\" href=\"https:\/\/wima.jp\/?p=1366\" data-type=\"URL\" data-id=\"https:\/\/wima.jp\/?p=1366\" target=\"_blank\">s&rsquo;inscrire au pr\u00e9alable sur ce lien<\/a>. Langue utilis\u00e9e : japonais avec des sous-titres en anglais. <\/p>\n\n\n\n<p><strong><em>(<a href=\"http:\/\/sfej.asso.fr\/wp-content\/uploads\/2022\/10\/WIMA-Symposium-Flyer-\u82f1\u8a9e-V7.pdf\" data-type=\"URL\" data-id=\"http:\/\/sfej.asso.fr\/wp-content\/uploads\/2022\/10\/WIMA-Symposium-Flyer-\u82f1\u8a9e-V7.pdf\" target=\"_blank\" rel=\"noreferrer noopener\">Dossier de pr\u00e9sentation du symposium<\/a>)<\/em><\/strong><\/p>\n","protected":false},"excerpt":{"rendered":"<p>Le Waseda Institute of Medical Anthropology on Disaster Reconstruction (WIMA) et le Mitate Lab. Post-Fukushima Studies organisent, les dimanche 9 et lundi 10 octobre 2022, un symposium intitul\u00e9 : \u00ab\u00a0Anthropology of Tribulation and Hope from FUKUSHIMA\u00a0\u00bb Le symposium sera diffus\u00e9&hellip;&nbsp;<a href=\"http:\/\/sfej.asso.fr\/?p=3230\" class=\"more-link\">Lire la suite<\/a><\/p>\n","protected":false},"author":3,"featured_media":3231,"comment_status":"closed","ping_status":"closed","sticky":false,"template":"","format":"standard","meta":{"_EventAllDay":false,"_EventTimezone":"","_EventStartDate":"","_EventEndDate":"","_EventStartDateUTC":"","_EventEndDateUTC":"","_EventShowMap":false,"_EventShowMapLink":false,"_EventURL":"","_EventCost":"","_EventCostDescription":"","_EventCurrencySymbol":"","_EventCurrencyCode":"","_EventCurrencyPosition":"","_EventDateTimeSeparator":"","_EventTimeRangeSeparator":"","_EventOrganizerID":[],"_EventVenueID":[],"_OrganizerEmail":"","_OrganizerPhone":"","_OrganizerWebsite":"","_VenueAddress":"","_VenueCity":"","_VenueCountry":"","_VenueProvince":"","_VenueState":"","_VenueZip":"","_VenuePhone":"","_VenueURL":"","_VenueStateProvince":"","_VenueLat":"","_VenueLng":"","_VenueShowMap":false,"_VenueShowMapLink":false,"footnotes":""},"categories":[28,30],"tags":[],"class_list":["post-3230","post","type-post","status-publish","format-standard","has-post-thumbnail","hentry","category-actualites","category-colloque"],"_links":{"self":[{"href":"http:\/\/sfej.asso.fr\/index.php?rest_route=\/wp\/v2\/posts\/3230","targetHints":{"allow":["GET"]}}],"collection":[{"href":"http:\/\/sfej.asso.fr\/index.php?rest_route=\/wp\/v2\/posts"}],"about":[{"href":"http:\/\/sfej.asso.fr\/index.php?rest_route=\/wp\/v2\/types\/post"}],"author":[{"embeddable":true,"href":"http:\/\/sfej.asso.fr\/index.php?rest_route=\/wp\/v2\/users\/3"}],"replies":[{"embeddable":true,"href":"http:\/\/sfej.asso.fr\/index.php?rest_route=%2Fwp%2Fv2%2Fcomments&post=3230"}],"version-history":[{"count":3,"href":"http:\/\/sfej.asso.fr\/index.php?rest_route=\/wp\/v2\/posts\/3230\/revisions"}],"predecessor-version":[{"id":3235,"href":"http:\/\/sfej.asso.fr\/index.php?rest_route=\/wp\/v2\/posts\/3230\/revisions\/3235"}],"wp:featuredmedia":[{"embeddable":true,"href":"http:\/\/sfej.asso.fr\/index.php?rest_route=\/wp\/v2\/media\/3231"}],"wp:attachment":[{"href":"http:\/\/sfej.asso.fr\/index.php?rest_route=%2Fwp%2Fv2%2Fmedia&parent=3230"}],"wp:term":[{"taxonomy":"category","embeddable":true,"href":"http:\/\/sfej.asso.fr\/index.php?rest_route=%2Fwp%2Fv2%2Fcategories&post=3230"},{"taxonomy":"post_tag","embeddable":true,"href":"http:\/\/sfej.asso.fr\/index.php?rest_route=%2Fwp%2Fv2%2Ftags&post=3230"}],"curies":[{"name":"wp","href":"https:\/\/api.w.org\/{rel}","templated":true}]}}