{"id":3257,"date":"2022-10-07T10:49:36","date_gmt":"2022-10-07T08:49:36","guid":{"rendered":"http:\/\/sfej.asso.fr\/?p=3257"},"modified":"2022-10-07T10:49:37","modified_gmt":"2022-10-07T08:49:37","slug":"appel-a-candidatures-programmes-de-subvention-de-la-fondation-du-japon-2023-dates-limites-18-novembre-et-2-decembre-2022","status":"publish","type":"post","link":"http:\/\/sfej.asso.fr\/?p=3257","title":{"rendered":"[Appel \u00e0 candidatures] Programmes de subvention de la Fondation du Japon 2023 (dates limites 18 novembre et 2 d\u00e9cembre 2022)"},"content":{"rendered":"\n<p>La Maison de la culture du Japon \u00e0 Paris a le plaisir de vous informer que la campagne de s\u00e9lection des candidatures pour les programmes de subvention de la Fondation du Japon pour l\u2019ann\u00e9e fiscale 2023 est officiellement ouverte.\u00a0<\/p>\n\n\n\n<p>Les subventions destin\u00e9es au soutien des \u00e9tudes japonaises et des projets de traduction et publication sont : <\/p>\n\n\n\n<h2 class=\"wp-block-heading\">Grant Program for Japanese Studies Project<\/h2>\n\n\n\n<p>Cette subvention promeut les \u00e9tudes japonaises \u00e0 l\u2019ext\u00e9rieur du Japon; date limite de candidature : le 2 d\u00e9cembre, 12h00 (heure japonaise).<\/p>\n\n\n\n<h2 class=\"wp-block-heading\">Japan Foundation Japanese Studies Fellowship Program <\/h2>\n\n\n\n<p>Cette subvention permet aux doctorants et chercheurs en \u00e9tudes japonaises d\u2019effectuer des s\u00e9jours au Japon dans le cadre de leur projet de recherche; date limite de candidature : le 2 d\u00e9cembre, 12h00 (heure japonaise).<\/p>\n\n\n\n<h2 class=\"wp-block-heading\">Support Program for Translation and Publication on Japan<\/h2>\n\n\n\n<p>Cette subvention permet de financer une partie des co\u00fbts li\u00e9s \u00e0 la traduction et la publication de livres japonais en dehors du Japon; date limite de candidature : le 18 novembre, 12h00 (heure japonaise).<\/p>\n\n\n\n<h2 class=\"wp-block-heading\">Proc\u00e9dure<\/h2>\n\n\n\n<p>\u00c0 partir de cette ann\u00e9e, la proc\u00e9dure pour d\u00e9poser sa candidature subit quelques modifications. Il est d\u00e9sormais obligatoire de candidater directement et uniquement en ligne. Les candidatures sous format papier ne seront plus accept\u00e9es.\u00a0<\/p>\n\n\n\n<p>Vous pouvez d\u00e9poser une candidature \u00e0 partir du 14 octobre (sous r\u00e9serve) en suivant les liens suivants :&nbsp;<\/p>\n\n\n\n<p>\u516c\u52df\u7533\u8acb\u30b5\u30a4\u30c8 :&nbsp;<a href=\"https:\/\/www.apply.jpf.go.jp\/ja\/Identity\/Account\/Login\">https:\/\/www.apply.jpf.go.jp\/ja\/Identity\/Account\/Login<\/a><\/p>\n\n\n\n<p>Online Application Portal :\u00a0\u00a0<a href=\"https:\/\/www.apply.jpf.go.jp\/en\/Identity\/Account\/Login\">https:\/\/www.apply.jpf.go.jp\/en\/Identity\/Account\/Login<\/a><\/p>\n\n\n\n<p>Pour toute question, vous pouvez contacter la charg\u00e9e des subventions, Emma Ayffre : e.ayffre[a]mcjp.fr<\/p>\n\n\n\n<p><a href=\"https:\/\/www.jpf.go.jp\/j\/program\/\" target=\"_blank\" rel=\"noreferrer noopener\">Informations en japonais<\/a> &#8211; <a href=\"https:\/\/www.jpf.go.jp\/e\/program\/\" target=\"_blank\" rel=\"noreferrer noopener\">informations en anglais<\/a>.<\/p>\n","protected":false},"excerpt":{"rendered":"<p>La Maison de la culture du Japon \u00e0 Paris a le plaisir de vous informer que la campagne de s\u00e9lection des candidatures pour les programmes de subvention de la Fondation du Japon pour l\u2019ann\u00e9e fiscale 2023 est officiellement ouverte.\u00a0 Les&hellip;&nbsp;<a href=\"http:\/\/sfej.asso.fr\/?p=3257\" class=\"more-link\">Lire la suite<\/a><\/p>\n","protected":false},"author":3,"featured_media":0,"comment_status":"closed","ping_status":"closed","sticky":false,"template":"","format":"standard","meta":{"_EventAllDay":false,"_EventTimezone":"","_EventStartDate":"","_EventEndDate":"","_EventStartDateUTC":"","_EventEndDateUTC":"","_EventShowMap":false,"_EventShowMapLink":false,"_EventURL":"","_EventCost":"","_EventCostDescription":"","_EventCurrencySymbol":"","_EventCurrencyCode":"","_EventCurrencyPosition":"","_EventDateTimeSeparator":"","_EventTimeRangeSeparator":"","_EventOrganizerID":[],"_EventVenueID":[],"_OrganizerEmail":"","_OrganizerPhone":"","_OrganizerWebsite":"","_VenueAddress":"","_VenueCity":"","_VenueCountry":"","_VenueProvince":"","_VenueState":"","_VenueZip":"","_VenuePhone":"","_VenueURL":"","_VenueStateProvince":"","_VenueLat":"","_VenueLng":"","_VenueShowMap":false,"_VenueShowMapLink":false,"footnotes":""},"categories":[28,29],"tags":[],"class_list":["post-3257","post","type-post","status-publish","format-standard","hentry","category-actualites","category-appel"],"_links":{"self":[{"href":"http:\/\/sfej.asso.fr\/index.php?rest_route=\/wp\/v2\/posts\/3257","targetHints":{"allow":["GET"]}}],"collection":[{"href":"http:\/\/sfej.asso.fr\/index.php?rest_route=\/wp\/v2\/posts"}],"about":[{"href":"http:\/\/sfej.asso.fr\/index.php?rest_route=\/wp\/v2\/types\/post"}],"author":[{"embeddable":true,"href":"http:\/\/sfej.asso.fr\/index.php?rest_route=\/wp\/v2\/users\/3"}],"replies":[{"embeddable":true,"href":"http:\/\/sfej.asso.fr\/index.php?rest_route=%2Fwp%2Fv2%2Fcomments&post=3257"}],"version-history":[{"count":1,"href":"http:\/\/sfej.asso.fr\/index.php?rest_route=\/wp\/v2\/posts\/3257\/revisions"}],"predecessor-version":[{"id":3258,"href":"http:\/\/sfej.asso.fr\/index.php?rest_route=\/wp\/v2\/posts\/3257\/revisions\/3258"}],"wp:attachment":[{"href":"http:\/\/sfej.asso.fr\/index.php?rest_route=%2Fwp%2Fv2%2Fmedia&parent=3257"}],"wp:term":[{"taxonomy":"category","embeddable":true,"href":"http:\/\/sfej.asso.fr\/index.php?rest_route=%2Fwp%2Fv2%2Fcategories&post=3257"},{"taxonomy":"post_tag","embeddable":true,"href":"http:\/\/sfej.asso.fr\/index.php?rest_route=%2Fwp%2Fv2%2Ftags&post=3257"}],"curies":[{"name":"wp","href":"https:\/\/api.w.org\/{rel}","templated":true}]}}