{"id":3259,"date":"2022-10-07T12:08:28","date_gmt":"2022-10-07T10:08:28","guid":{"rendered":"http:\/\/sfej.asso.fr\/?p=3259"},"modified":"2022-10-07T12:08:29","modified_gmt":"2022-10-07T10:08:29","slug":"recrutement-responsable-administratifve-dunites-de-recherche-ifrae-date-limite-15-octobre","status":"publish","type":"post","link":"http:\/\/sfej.asso.fr\/?p=3259","title":{"rendered":"[Recrutement] Responsable administratif(ve) d&rsquo;Unit\u00e9(s) de recherche \/ Ifrae (date limite 15 octobre)"},"content":{"rendered":"\n<p><a rel=\"noreferrer noopener\" href=\"https:\/\/ifrae.cnrs.fr\/\" data-type=\"URL\" data-id=\"https:\/\/ifrae.cnrs.fr\/\" target=\"_blank\">L&rsquo;Ifrae<\/a> (Institut fran\u00e7ais de recherche sur l&rsquo;Asie de l&rsquo;est) recherche un(e) :<\/p>\n\n\n\n<h2 class=\"has-text-align-center wp-block-heading\">Responsable administratif d&rsquo;Unit\u00e9(s) de recherche<br>Poste rattach\u00e9 \u00e0 la Direction de la recherche, de la valorisation et des \u00e9tudes doctorales (Dirved)<br>Contrat \u00e0 dur\u00e9e d\u00e9termin\u00e9e de cat\u00e9gorie A<\/h2>\n\n\n\n<p>Il s&rsquo;agit d&rsquo;un remplacement de cong\u00e9 maternit\u00e9, \u00e0 temps plein, \u00e0 pourvoir imm\u00e9diatement, pour une dur\u00e9e de 8 mois renouvelable (besoin jusqu&rsquo;au mois de juin\/juillet 2023). La connaissance du japonais et de la culture japonaise ne fait pas partie des conditions, mais cela peut \u00eatre un plus, de m\u00eame pour une autre langue, culture couverte par l&rsquo;Ifrae. <\/p>\n\n\n\n<h2 class=\"wp-block-heading\">Description du poste<\/h2>\n\n\n\n<p>La description du poste et le contact sont <strong><a rel=\"noreferrer noopener\" href=\"http:\/\/www.inalco.fr\/sites\/default\/files\/asset\/document\/fp_responsable_administratif_unite_de_recherche_ifrae_0.pdf\" data-type=\"URL\" data-id=\"http:\/\/www.inalco.fr\/sites\/default\/files\/asset\/document\/fp_responsable_administratif_unite_de_recherche_ifrae_0.pdf\" target=\"_blank\">indiqu\u00e9s sur ce lien<\/a><\/strong>; la date limite de candidature est fix\u00e9e au <strong>15 octobre 2022<\/strong>. <\/p>\n","protected":false},"excerpt":{"rendered":"<p>L&rsquo;Ifrae (Institut fran\u00e7ais de recherche sur l&rsquo;Asie de l&rsquo;est) recherche un(e) : Responsable administratif d&rsquo;Unit\u00e9(s) de recherchePoste rattach\u00e9 \u00e0 la Direction de la recherche, de la valorisation et des \u00e9tudes doctorales (Dirved)Contrat \u00e0 dur\u00e9e d\u00e9termin\u00e9e de cat\u00e9gorie A Il s&rsquo;agit&hellip;&nbsp;<a href=\"http:\/\/sfej.asso.fr\/?p=3259\" class=\"more-link\">Lire la suite<\/a><\/p>\n","protected":false},"author":3,"featured_media":0,"comment_status":"closed","ping_status":"closed","sticky":false,"template":"","format":"standard","meta":{"_EventAllDay":false,"_EventTimezone":"","_EventStartDate":"","_EventEndDate":"","_EventStartDateUTC":"","_EventEndDateUTC":"","_EventShowMap":false,"_EventShowMapLink":false,"_EventURL":"","_EventCost":"","_EventCostDescription":"","_EventCurrencySymbol":"","_EventCurrencyCode":"","_EventCurrencyPosition":"","_EventDateTimeSeparator":"","_EventTimeRangeSeparator":"","_EventOrganizerID":[],"_EventVenueID":[],"_OrganizerEmail":"","_OrganizerPhone":"","_OrganizerWebsite":"","_VenueAddress":"","_VenueCity":"","_VenueCountry":"","_VenueProvince":"","_VenueState":"","_VenueZip":"","_VenuePhone":"","_VenueURL":"","_VenueStateProvince":"","_VenueLat":"","_VenueLng":"","_VenueShowMap":false,"_VenueShowMapLink":false,"footnotes":""},"categories":[28,33],"tags":[],"class_list":["post-3259","post","type-post","status-publish","format-standard","hentry","category-actualites","category-poste"],"_links":{"self":[{"href":"http:\/\/sfej.asso.fr\/index.php?rest_route=\/wp\/v2\/posts\/3259","targetHints":{"allow":["GET"]}}],"collection":[{"href":"http:\/\/sfej.asso.fr\/index.php?rest_route=\/wp\/v2\/posts"}],"about":[{"href":"http:\/\/sfej.asso.fr\/index.php?rest_route=\/wp\/v2\/types\/post"}],"author":[{"embeddable":true,"href":"http:\/\/sfej.asso.fr\/index.php?rest_route=\/wp\/v2\/users\/3"}],"replies":[{"embeddable":true,"href":"http:\/\/sfej.asso.fr\/index.php?rest_route=%2Fwp%2Fv2%2Fcomments&post=3259"}],"version-history":[{"count":1,"href":"http:\/\/sfej.asso.fr\/index.php?rest_route=\/wp\/v2\/posts\/3259\/revisions"}],"predecessor-version":[{"id":3260,"href":"http:\/\/sfej.asso.fr\/index.php?rest_route=\/wp\/v2\/posts\/3259\/revisions\/3260"}],"wp:attachment":[{"href":"http:\/\/sfej.asso.fr\/index.php?rest_route=%2Fwp%2Fv2%2Fmedia&parent=3259"}],"wp:term":[{"taxonomy":"category","embeddable":true,"href":"http:\/\/sfej.asso.fr\/index.php?rest_route=%2Fwp%2Fv2%2Fcategories&post=3259"},{"taxonomy":"post_tag","embeddable":true,"href":"http:\/\/sfej.asso.fr\/index.php?rest_route=%2Fwp%2Fv2%2Ftags&post=3259"}],"curies":[{"name":"wp","href":"https:\/\/api.w.org\/{rel}","templated":true}]}}