{"id":3261,"date":"2022-10-07T16:51:15","date_gmt":"2022-10-07T14:51:15","guid":{"rendered":"http:\/\/sfej.asso.fr\/?p=3261"},"modified":"2022-10-07T16:51:16","modified_gmt":"2022-10-07T14:51:16","slug":"table-ronde-lancement-de-la-base-de-donnees-collectionneurs-collecteurs-et-marchands-dart-asiatique-en-france-1700-1939-suivi-dune-table-ronde-mercredi-12-octobre-2022-18h-20h","status":"publish","type":"post","link":"http:\/\/sfej.asso.fr\/?p=3261","title":{"rendered":"[Table ronde] Lancement de la base de donn\u00e9es \u00ab\u00a0Collectionneurs, collecteurs et marchands d&rsquo;art asiatique en France, 1700-1939\u00a0\u00bb, suivi d&rsquo;une table ronde (mercredi 12 octobre 2022, 18h-20h)"},"content":{"rendered":"\n<p>\u00c9ric de Chassey, directeur g\u00e9n\u00e9ral de l&rsquo;Institut national d&rsquo;histoire de l&rsquo;art, a le plaisir de vous inviter au lancement de la base de donn\u00e9es : <\/p>\n\n\n\n<h2 class=\"has-text-align-center wp-block-heading\">\u00ab\u00a0Collectionneurs, collecteurs et marchands d&rsquo;art asiatique en France, 1700-1939\u00a0\u00bb<br>Mercredi 12 octobre 2022, de 18h00 \u00e0 20h00<br>Institut national d&rsquo;histoire de l&rsquo;art &#8211; Galerie Colbert<br>Auditorium Jacqueline Lichtenstein, 2 rue Vivienne<br>75002 Paris<\/h2>\n\n\n\n<p>La pr\u00e9sentation de la base de donn\u00e9es sera effectu\u00e9e par <strong>Mich\u00e8le Galdemar<\/strong>, <strong>Federico Nurra<\/strong>, <strong>Antoine<\/strong> <strong>Chatelain<\/strong> (INHA) et <strong>Jade Norindr<\/strong> (\u00c9cole nationale des chartes). Elle sera suivie d&rsquo;une table ronde avec <strong>Pauline d&rsquo;Abrigeon <\/strong>(Fondation Baur), <strong>Elizabeth Emery <\/strong>(Montclair State University) et <strong>Samuel Th\u00e9voz<\/strong> (chercheur ind\u00e9pendant, THALIM), mod\u00e9r\u00e9e par <strong>Pauline Guyot<\/strong> (INHA).<\/p>\n\n\n\n<p>L&rsquo;\u00e9v\u00e9nement sera suivi d&rsquo;un cocktail. <\/p>\n\n\n\n<p>Une exposition pr\u00e9vue en octobre 2023 au mus\u00e9e des Beaux-Arts de Dijon et une journ\u00e9e d\u2019\u00e9tude<br>centr\u00e9e plus sp\u00e9cifiquement sur le march\u00e9 de l\u2019art asiatique \u00e0 Paris au XIX<sup>e<\/sup> si\u00e8cle, le 26 mai 2023,<br>viendront compl\u00e9ter ces r\u00e9flexions.<\/p>\n\n\n\n<p><em><a rel=\"noreferrer noopener\" href=\"https:\/\/mcusercontent.com\/0957538ed112e983ba1da9f90\/files\/53d0f233-7207-1be0-4e22-cb11c4f64951\/2022_CP_Collectionneurs.pdf\" data-type=\"URL\" data-id=\"https:\/\/mcusercontent.com\/0957538ed112e983ba1da9f90\/files\/53d0f233-7207-1be0-4e22-cb11c4f64951\/2022_CP_Collectionneurs.pdf\" target=\"_blank\">Lien vers le communiqu\u00e9 de presse<\/a>. <\/em><\/p>\n","protected":false},"excerpt":{"rendered":"<p>\u00c9ric de Chassey, directeur g\u00e9n\u00e9ral de l&rsquo;Institut national d&rsquo;histoire de l&rsquo;art, a le plaisir de vous inviter au lancement de la base de donn\u00e9es : \u00ab\u00a0Collectionneurs, collecteurs et marchands d&rsquo;art asiatique en France, 1700-1939\u00a0\u00bbMercredi 12 octobre 2022, de 18h00 \u00e0&hellip;&nbsp;<a href=\"http:\/\/sfej.asso.fr\/?p=3261\" class=\"more-link\">Lire la suite<\/a><\/p>\n","protected":false},"author":3,"featured_media":3264,"comment_status":"closed","ping_status":"closed","sticky":false,"template":"","format":"standard","meta":{"_EventAllDay":false,"_EventTimezone":"","_EventStartDate":"","_EventEndDate":"","_EventStartDateUTC":"","_EventEndDateUTC":"","_EventShowMap":false,"_EventShowMapLink":false,"_EventURL":"","_EventCost":"","_EventCostDescription":"","_EventCurrencySymbol":"","_EventCurrencyCode":"","_EventCurrencyPosition":"","_EventDateTimeSeparator":"","_EventTimeRangeSeparator":"","_EventOrganizerID":[],"_EventVenueID":[],"_OrganizerEmail":"","_OrganizerPhone":"","_OrganizerWebsite":"","_VenueAddress":"","_VenueCity":"","_VenueCountry":"","_VenueProvince":"","_VenueState":"","_VenueZip":"","_VenuePhone":"","_VenueURL":"","_VenueStateProvince":"","_VenueLat":"","_VenueLng":"","_VenueShowMap":false,"_VenueShowMapLink":false,"footnotes":""},"categories":[28,35],"tags":[],"class_list":["post-3261","post","type-post","status-publish","format-standard","has-post-thumbnail","hentry","category-actualites","category-evenements"],"_links":{"self":[{"href":"http:\/\/sfej.asso.fr\/index.php?rest_route=\/wp\/v2\/posts\/3261","targetHints":{"allow":["GET"]}}],"collection":[{"href":"http:\/\/sfej.asso.fr\/index.php?rest_route=\/wp\/v2\/posts"}],"about":[{"href":"http:\/\/sfej.asso.fr\/index.php?rest_route=\/wp\/v2\/types\/post"}],"author":[{"embeddable":true,"href":"http:\/\/sfej.asso.fr\/index.php?rest_route=\/wp\/v2\/users\/3"}],"replies":[{"embeddable":true,"href":"http:\/\/sfej.asso.fr\/index.php?rest_route=%2Fwp%2Fv2%2Fcomments&post=3261"}],"version-history":[{"count":3,"href":"http:\/\/sfej.asso.fr\/index.php?rest_route=\/wp\/v2\/posts\/3261\/revisions"}],"predecessor-version":[{"id":3266,"href":"http:\/\/sfej.asso.fr\/index.php?rest_route=\/wp\/v2\/posts\/3261\/revisions\/3266"}],"wp:featuredmedia":[{"embeddable":true,"href":"http:\/\/sfej.asso.fr\/index.php?rest_route=\/wp\/v2\/media\/3264"}],"wp:attachment":[{"href":"http:\/\/sfej.asso.fr\/index.php?rest_route=%2Fwp%2Fv2%2Fmedia&parent=3261"}],"wp:term":[{"taxonomy":"category","embeddable":true,"href":"http:\/\/sfej.asso.fr\/index.php?rest_route=%2Fwp%2Fv2%2Fcategories&post=3261"},{"taxonomy":"post_tag","embeddable":true,"href":"http:\/\/sfej.asso.fr\/index.php?rest_route=%2Fwp%2Fv2%2Ftags&post=3261"}],"curies":[{"name":"wp","href":"https:\/\/api.w.org\/{rel}","templated":true}]}}