{"id":3274,"date":"2022-10-10T13:34:40","date_gmt":"2022-10-10T11:34:40","guid":{"rendered":"http:\/\/sfej.asso.fr\/?p=3274"},"modified":"2022-10-10T13:34:40","modified_gmt":"2022-10-10T11:34:40","slug":"rappel-journee-detudes-internationale-the-cameraman-in-a-skirt-mardi-11-octobre-2022-9h30-17h30-aubervilliers","status":"publish","type":"post","link":"http:\/\/sfej.asso.fr\/?p=3274","title":{"rendered":"[Rappel] Journ\u00e9e d&rsquo;\u00e9tudes internationale \u00ab\u00a0The Cameraman in a skirt\u00a0\u00bb (mardi 11 octobre 2022, 9h30-17h30, Aubervilliers)"},"content":{"rendered":"\n<p>Le Centre de recherches sur le Japon a le plaisir de vous inviter \u00e0 la journ\u00e9e d&rsquo;\u00e9tudes internationale : <\/p>\n\n\n\n<h2 class=\"has-text-align-center wp-block-heading\">\u00ab\u00a0The Cameraman in a skirt\u00a0\u00bb<br>Mardi 11 octobre 2022, 9h30-17h30<br>Centre de Colloques du Campus Condorcet, salle 3.05<br>Place du Front Populaire, 93300 Aubervilliers<\/h2>\n\n\n\n<h2 class=\"wp-block-heading\">Programme<\/h2>\n\n\n\n<p>9h30-10h :&nbsp;Introduction<strong>&nbsp;Aleksandra Kobiljski&nbsp;<\/strong>(CNRS\/EHESS)<\/p>\n\n\n\n<p>10h-12h:&nbsp;<strong>Mio Wakita&nbsp;<\/strong>(MAK&nbsp;\u2013 Museum of Applied Arts,&nbsp;Vienna)&nbsp;\u201cPhotography, Women and Meiji Japan: The Vision of Modern Visual Technologies and the Image of Femininity\u201d<\/p>\n\n\n\n<p>12h-13h30&nbsp;:&nbsp;Pause-d\u00e9jeuner<\/p>\n\n\n\n<p>13h30-15h30&nbsp;:&nbsp;<strong>Kelly McCormick<\/strong>&nbsp;(University of British Columbia) \u201cCamera Women: A History of Modern Japan by Women Photographers\u201d<\/p>\n\n\n\n<p>15h30-17h30\u00a0:\u00a0Table-ronde\u00a0co-anim\u00e9e par\u00a0<strong>Elise Voyau<\/strong>\u00a0(INALCO) et\u00a0<strong>Claude Estebe\u00a0<\/strong><\/p>\n\n\n\n<p><strong><em><a href=\"mailto:crj@ehess.fr\" data-type=\"mailto\" data-id=\"mailto:crj@ehess.fr\" target=\"_blank\" rel=\"noreferrer noopener\">Inscriptions sur ce lien.<\/a><\/em><\/strong><\/p>\n","protected":false},"excerpt":{"rendered":"<p>Le Centre de recherches sur le Japon a le plaisir de vous inviter \u00e0 la journ\u00e9e d&rsquo;\u00e9tudes internationale : \u00ab\u00a0The Cameraman in a skirt\u00a0\u00bbMardi 11 octobre 2022, 9h30-17h30Centre de Colloques du Campus Condorcet, salle 3.05Place du Front Populaire, 93300 Aubervilliers&hellip;&nbsp;<a href=\"http:\/\/sfej.asso.fr\/?p=3274\" class=\"more-link\">Lire la suite<\/a><\/p>\n","protected":false},"author":3,"featured_media":3220,"comment_status":"closed","ping_status":"closed","sticky":false,"template":"","format":"standard","meta":{"_EventAllDay":false,"_EventTimezone":"","_EventStartDate":"","_EventEndDate":"","_EventStartDateUTC":"","_EventEndDateUTC":"","_EventShowMap":false,"_EventShowMapLink":false,"_EventURL":"","_EventCost":"","_EventCostDescription":"","_EventCurrencySymbol":"","_EventCurrencyCode":"","_EventCurrencyPosition":"","_EventDateTimeSeparator":"","_EventTimeRangeSeparator":"","_EventOrganizerID":[],"_EventVenueID":[],"_OrganizerEmail":"","_OrganizerPhone":"","_OrganizerWebsite":"","_VenueAddress":"","_VenueCity":"","_VenueCountry":"","_VenueProvince":"","_VenueState":"","_VenueZip":"","_VenuePhone":"","_VenueURL":"","_VenueStateProvince":"","_VenueLat":"","_VenueLng":"","_VenueShowMap":false,"_VenueShowMapLink":false,"footnotes":""},"categories":[28,30],"tags":[],"class_list":["post-3274","post","type-post","status-publish","format-standard","has-post-thumbnail","hentry","category-actualites","category-colloque"],"_links":{"self":[{"href":"http:\/\/sfej.asso.fr\/index.php?rest_route=\/wp\/v2\/posts\/3274","targetHints":{"allow":["GET"]}}],"collection":[{"href":"http:\/\/sfej.asso.fr\/index.php?rest_route=\/wp\/v2\/posts"}],"about":[{"href":"http:\/\/sfej.asso.fr\/index.php?rest_route=\/wp\/v2\/types\/post"}],"author":[{"embeddable":true,"href":"http:\/\/sfej.asso.fr\/index.php?rest_route=\/wp\/v2\/users\/3"}],"replies":[{"embeddable":true,"href":"http:\/\/sfej.asso.fr\/index.php?rest_route=%2Fwp%2Fv2%2Fcomments&post=3274"}],"version-history":[{"count":3,"href":"http:\/\/sfej.asso.fr\/index.php?rest_route=\/wp\/v2\/posts\/3274\/revisions"}],"predecessor-version":[{"id":3277,"href":"http:\/\/sfej.asso.fr\/index.php?rest_route=\/wp\/v2\/posts\/3274\/revisions\/3277"}],"wp:featuredmedia":[{"embeddable":true,"href":"http:\/\/sfej.asso.fr\/index.php?rest_route=\/wp\/v2\/media\/3220"}],"wp:attachment":[{"href":"http:\/\/sfej.asso.fr\/index.php?rest_route=%2Fwp%2Fv2%2Fmedia&parent=3274"}],"wp:term":[{"taxonomy":"category","embeddable":true,"href":"http:\/\/sfej.asso.fr\/index.php?rest_route=%2Fwp%2Fv2%2Fcategories&post=3274"},{"taxonomy":"post_tag","embeddable":true,"href":"http:\/\/sfej.asso.fr\/index.php?rest_route=%2Fwp%2Fv2%2Ftags&post=3274"}],"curies":[{"name":"wp","href":"https:\/\/api.w.org\/{rel}","templated":true}]}}