{"id":3635,"date":"2022-11-14T16:01:05","date_gmt":"2022-11-14T15:01:05","guid":{"rendered":"http:\/\/sfej.asso.fr\/?p=3635"},"modified":"2022-11-14T16:01:05","modified_gmt":"2022-11-14T15:01:05","slug":"conference-a-deep-empire-in-the-cold-war-manchukuo-and-the-birth-of-anticommunist-internationalism-in-east-asia-1931-1975-jeudi-17-novembre-2022-18h00-19h30-inalco","status":"publish","type":"post","link":"http:\/\/sfej.asso.fr\/?p=3635","title":{"rendered":"[Conf\u00e9rence] \u00ab\u00a0A Deep Empire in the Cold War: Manchukuo and the Birth of Anticommunist Internationalism in East Asia, 1931-1975\u00a0\u00bb (jeudi 17 novembre 2022, 18h00-19h30, Inalco)"},"content":{"rendered":"\n<p>L&rsquo;Inalco, l&rsquo;Universit\u00e9 Paris-Cit\u00e9 et le Centre de recherches interculturelles du Meiji Jing\u016b ont le plaisir de vous inviter \u00e0 la conf\u00e9rence suivante :\u00a0<\/p>\n\n\n\n<h2 class=\"has-text-align-center wp-block-heading\">\u00ab\u00a0<strong>A Deep Empire in the Cold War: Manchukuo and the Birth of Anticommunist Internationalism in East Asia, 1931-1975<\/strong>\u00ab\u00a0<br><strong>Andrew LEVIDIS\u00a0(Dr.) Australian National University<\/strong><br><strong>Jeudi 17 novembre 2022, 18h00-19h30, Inalco, Amphi 6<br>65 rue des Grands Moulins, 75013 Paris<\/strong><\/h2>\n\n\n\n<p>Manchukuo\u2019s destruction at the hands of the great powers in August 1945, following the Soviet invasion in 1945\u00a0haunted the rightwing imagination, and\u00a0exerted a profound impact on the transwar Japanese Right\u2019s ideological hostility toward the USSR and international communism in the global Cold War.<br>The Japanese Right\u2019s invocation of the fallen Manchukuo Empire was no aberration. Nor were they solitary ruminations of a former high official of the deposed Emperor Pu Yi. During the 1950s and 1960s officials of the fallen Manchurian empire, the frontline soldiers of Japan\u2019s Greater East Asian War, sought to halt what they saw as the postwar decadence of Japan and the march of communism in East Asia. These former soldiers, bureaucrats, propagandists, and ideologues sought to frame themselves as soldiers in a larger global and regional ideological war.\u00a0<br>We need to widen our angle of approach when considering the imperial afterlives of Manchukuo: as inspiration, moral lesson, or for some an alternative to the global ideological tensions of Cold War binaries. As this talk examines, the memory of the Manchukuo empire formed a key &#8211; if contested component &#8211;\u00a0\u00a0of the Japanese Cold War imaginary, one which a generation of political leaders turned to seek alternatives to\u00a0the binaries of the Cold War, and as a touchstone for defining Japan\u2019s informal connections with Asia\u2019s anticolonial nationalist leaders during the 1950s and 1960s.<\/p>\n\n\n\n<p><em>Retransmission par Zoom possible sur demande individuelle.<\/em><\/p>\n\n\n\n<p><strong>CONTACT<\/strong> : Alexandre ROY, Ma\u00eetre de conf\u00e9rences, Histoire du Japon moderne \/ <a rel=\"noreferrer noopener\" href=\"mailto:alexandre.roy@inalco.fr\" target=\"_blank\">alexandre.roy@inalco.fr<\/a><\/p>\n\n\n\n<p><em><a href=\"http:\/\/www.inalco.fr\/evenement\/deep-empire-cold-war-manchukuo-and-birth-anticommunist-internationalism-east-asia-1931\" data-type=\"URL\" data-id=\"http:\/\/www.inalco.fr\/evenement\/deep-empire-cold-war-manchukuo-and-birth-anticommunist-internationalism-east-asia-1931\" target=\"_blank\" rel=\"noreferrer noopener\">Lien vers le site de l&rsquo;Inalco.<\/a><\/em><\/p>\n","protected":false},"excerpt":{"rendered":"<p>L&rsquo;Inalco, l&rsquo;Universit\u00e9 Paris-Cit\u00e9 et le Centre de recherches interculturelles du Meiji Jing\u016b ont le plaisir de vous inviter \u00e0 la conf\u00e9rence suivante :\u00a0 \u00ab\u00a0A Deep Empire in the Cold War: Manchukuo and the Birth of Anticommunist Internationalism in East Asia,&hellip;&nbsp;<a href=\"http:\/\/sfej.asso.fr\/?p=3635\" class=\"more-link\">Lire la suite<\/a><\/p>\n","protected":false},"author":3,"featured_media":0,"comment_status":"closed","ping_status":"closed","sticky":false,"template":"","format":"standard","meta":{"_EventAllDay":false,"_EventTimezone":"","_EventStartDate":"","_EventEndDate":"","_EventStartDateUTC":"","_EventEndDateUTC":"","_EventShowMap":false,"_EventShowMapLink":false,"_EventURL":"","_EventCost":"","_EventCostDescription":"","_EventCurrencySymbol":"","_EventCurrencyCode":"","_EventCurrencyPosition":"","_EventDateTimeSeparator":"","_EventTimeRangeSeparator":"","_EventOrganizerID":[],"_EventVenueID":[],"_OrganizerEmail":"","_OrganizerPhone":"","_OrganizerWebsite":"","_VenueAddress":"","_VenueCity":"","_VenueCountry":"","_VenueProvince":"","_VenueState":"","_VenueZip":"","_VenuePhone":"","_VenueURL":"","_VenueStateProvince":"","_VenueLat":"","_VenueLng":"","_VenueShowMap":false,"_VenueShowMapLink":false,"footnotes":""},"categories":[28,31],"tags":[363,286,302],"class_list":["post-3635","post","type-post","status-publish","format-standard","hentry","category-actualites","category-conference","tag-andrew-levidis","tag-politique-japonaise","tag-sfej"],"_links":{"self":[{"href":"http:\/\/sfej.asso.fr\/index.php?rest_route=\/wp\/v2\/posts\/3635","targetHints":{"allow":["GET"]}}],"collection":[{"href":"http:\/\/sfej.asso.fr\/index.php?rest_route=\/wp\/v2\/posts"}],"about":[{"href":"http:\/\/sfej.asso.fr\/index.php?rest_route=\/wp\/v2\/types\/post"}],"author":[{"embeddable":true,"href":"http:\/\/sfej.asso.fr\/index.php?rest_route=\/wp\/v2\/users\/3"}],"replies":[{"embeddable":true,"href":"http:\/\/sfej.asso.fr\/index.php?rest_route=%2Fwp%2Fv2%2Fcomments&post=3635"}],"version-history":[{"count":1,"href":"http:\/\/sfej.asso.fr\/index.php?rest_route=\/wp\/v2\/posts\/3635\/revisions"}],"predecessor-version":[{"id":3636,"href":"http:\/\/sfej.asso.fr\/index.php?rest_route=\/wp\/v2\/posts\/3635\/revisions\/3636"}],"wp:attachment":[{"href":"http:\/\/sfej.asso.fr\/index.php?rest_route=%2Fwp%2Fv2%2Fmedia&parent=3635"}],"wp:term":[{"taxonomy":"category","embeddable":true,"href":"http:\/\/sfej.asso.fr\/index.php?rest_route=%2Fwp%2Fv2%2Fcategories&post=3635"},{"taxonomy":"post_tag","embeddable":true,"href":"http:\/\/sfej.asso.fr\/index.php?rest_route=%2Fwp%2Fv2%2Ftags&post=3635"}],"curies":[{"name":"wp","href":"https:\/\/api.w.org\/{rel}","templated":true}]}}