{"id":4097,"date":"2022-12-23T10:29:21","date_gmt":"2022-12-23T09:29:21","guid":{"rendered":"http:\/\/sfej.asso.fr\/?p=4097"},"modified":"2022-12-23T10:29:22","modified_gmt":"2022-12-23T09:29:22","slug":"appel-a-participation-26e-journee-francophone-de-la-recherche-avant-le-6-janvier-2023","status":"publish","type":"post","link":"http:\/\/sfej.asso.fr\/?p=4097","title":{"rendered":"[Appel \u00e0 participation] 26e Journ\u00e9e Francophone de la Recherche (avant le 6 janvier 2023)"},"content":{"rendered":"\n<p><strong>Sciencescope<\/strong>, l\u2019association des \u00e9tudiants et chercheurs francophones au Japon, avec l\u2019Ambassade de France au Japon, l\u2019Institut fran\u00e7ais de Recherche sur le Japon\u00a0(MFJ, UMIFRE 19, MEAE-CNRS)\u00a0et le Bureau de Tokyo du CNRS Asie du Nord-Est\u00a0organiseront la\u00a0<\/p>\n\n\n\n<h2 class=\"has-text-align-center wp-block-heading\">26<sup>e<\/sup> Journ\u00e9e Francophone de la Recherche\u00a0(J\u00b7FR) <br>Vendredi 3 f\u00e9vrier 2023\u00a0\u00e0 la Maison franco-japonaise (MFJ), Tokyo<br>Format hybride, transmission simultan\u00e9e sur Zoom<\/h2>\n\n\n\n<p>Depuis 1997, cette rencontre annuelle r\u00e9unit la communaut\u00e9 de chercheurs et \u00e9tudiants francophones \u00e9tablis au Japon,&nbsp;toutes disciplines et toutes nationalit\u00e9s confondues. L\u2019objectif de J\u00b7FR est de permettre aux chercheurs, \u00e9tudiants, doctorants, ing\u00e9nieurs, institutionnels, repr\u00e9sentants d\u2019entreprise ou toutes personnes int\u00e9ress\u00e9es de se rencontrer et d\u2019\u00e9changer sur leurs activit\u00e9s au Japon.<\/p>\n\n\n\n<p>Vous \u00eates cordialement invit\u00e9s \u00e0 pr\u00e9senter vos travaux, projets, ou simplement vous inscrire pour participer.&nbsp;<\/p>\n\n\n\n<p>Plusieurs formats de contributions peuvent \u00eatre propos\u00e9s. :<\/p>\n\n\n\n<p>\u2013 expos\u00e9&nbsp;(20 min) ;<\/p>\n\n\n\n<p>\u2013 flash-talk&nbsp;(5 min) ;<\/p>\n\n\n\n<p>\u2013 poster<\/p>\n\n\n\n<p>Les instructions aux auteurs sont disponibles via&nbsp;<a href=\"https:\/\/www.sciencescope.org\/events-2\/jfr\/jfr2019-80anscnrs\/instructions-aux-auteurs\/\" target=\"_blank\" rel=\"noreferrer noopener\">cette page<\/a>.<\/p>\n\n\n\n<p>La participation est\u00a0gratuite et obligatoire\u00a0et peut se faire d\u00e8s maintenant en ligne via le\u00a0<a rel=\"noreferrer noopener\" href=\"https:\/\/www.sciencescope.org\/appel-a-communications-26e-j%c2%b7fr\/\" target=\"_blank\">formulaire d\u2019inscription<\/a>\u00a0jusqu\u2019au <strong><span style=\"text-decoration: underline\" class=\"underline\">vendredi 6 janvier 2023<\/span><\/strong>\u00a0pour les intervenants et jusqu\u2019au <strong><span style=\"text-decoration: underline\" class=\"underline\">mercredi 1er f\u00e9vrier 2023<\/span><\/strong>\u00a0pour les auditeurs.<\/p>\n\n\n\n<p><em><a rel=\"noreferrer noopener\" href=\"https:\/\/www.sciencescope.org\/26e-jfr\/\" data-type=\"URL\" data-id=\"https:\/\/www.sciencescope.org\/26e-jfr\/\" target=\"_blank\">Site Internet Sciencescope<\/a><\/em>, contact : <a href=\"mailto:association.sciencescope@gmail.com\" target=\"_blank\" rel=\"noreferrer noopener\">association.sciencescope@gmail.com<\/a><\/p>\n","protected":false},"excerpt":{"rendered":"<p>Sciencescope, l\u2019association des \u00e9tudiants et chercheurs francophones au Japon, avec l\u2019Ambassade de France au Japon, l\u2019Institut fran\u00e7ais de Recherche sur le Japon\u00a0(MFJ, UMIFRE 19, MEAE-CNRS)\u00a0et le Bureau de Tokyo du CNRS Asie du Nord-Est\u00a0organiseront la\u00a0 26e Journ\u00e9e Francophone de la&hellip;&nbsp;<a href=\"http:\/\/sfej.asso.fr\/?p=4097\" class=\"more-link\">Lire la suite<\/a><\/p>\n","protected":false},"author":3,"featured_media":0,"comment_status":"closed","ping_status":"closed","sticky":false,"template":"","format":"standard","meta":{"_EventAllDay":false,"_EventTimezone":"","_EventStartDate":"","_EventEndDate":"","_EventStartDateUTC":"","_EventEndDateUTC":"","_EventShowMap":false,"_EventShowMapLink":false,"_EventURL":"","_EventCost":"","_EventCostDescription":"","_EventCurrencySymbol":"","_EventCurrencyCode":"","_EventCurrencyPosition":"","_EventDateTimeSeparator":"","_EventTimeRangeSeparator":"","_EventOrganizerID":[],"_EventVenueID":[],"_OrganizerEmail":"","_OrganizerPhone":"","_OrganizerWebsite":"","_VenueAddress":"","_VenueCity":"","_VenueCountry":"","_VenueProvince":"","_VenueState":"","_VenueZip":"","_VenuePhone":"","_VenueURL":"","_VenueStateProvince":"","_VenueLat":"","_VenueLng":"","_VenueShowMap":false,"_VenueShowMapLink":false,"footnotes":""},"categories":[28,29],"tags":[],"class_list":["post-4097","post","type-post","status-publish","format-standard","hentry","category-actualites","category-appel"],"_links":{"self":[{"href":"http:\/\/sfej.asso.fr\/index.php?rest_route=\/wp\/v2\/posts\/4097","targetHints":{"allow":["GET"]}}],"collection":[{"href":"http:\/\/sfej.asso.fr\/index.php?rest_route=\/wp\/v2\/posts"}],"about":[{"href":"http:\/\/sfej.asso.fr\/index.php?rest_route=\/wp\/v2\/types\/post"}],"author":[{"embeddable":true,"href":"http:\/\/sfej.asso.fr\/index.php?rest_route=\/wp\/v2\/users\/3"}],"replies":[{"embeddable":true,"href":"http:\/\/sfej.asso.fr\/index.php?rest_route=%2Fwp%2Fv2%2Fcomments&post=4097"}],"version-history":[{"count":1,"href":"http:\/\/sfej.asso.fr\/index.php?rest_route=\/wp\/v2\/posts\/4097\/revisions"}],"predecessor-version":[{"id":4098,"href":"http:\/\/sfej.asso.fr\/index.php?rest_route=\/wp\/v2\/posts\/4097\/revisions\/4098"}],"wp:attachment":[{"href":"http:\/\/sfej.asso.fr\/index.php?rest_route=%2Fwp%2Fv2%2Fmedia&parent=4097"}],"wp:term":[{"taxonomy":"category","embeddable":true,"href":"http:\/\/sfej.asso.fr\/index.php?rest_route=%2Fwp%2Fv2%2Fcategories&post=4097"},{"taxonomy":"post_tag","embeddable":true,"href":"http:\/\/sfej.asso.fr\/index.php?rest_route=%2Fwp%2Fv2%2Ftags&post=4097"}],"curies":[{"name":"wp","href":"https:\/\/api.w.org\/{rel}","templated":true}]}}