{"id":4112,"date":"2023-01-04T19:23:14","date_gmt":"2023-01-04T18:23:14","guid":{"rendered":"http:\/\/sfej.asso.fr\/?p=4112"},"modified":"2023-01-04T19:23:14","modified_gmt":"2023-01-04T18:23:14","slug":"colloque-lanimal-dans-limaginaire-de-lasie-alter-ou-alter-ego-13-et-14-janvier-2023-inha-paris-et-sur-zoom","status":"publish","type":"post","link":"http:\/\/sfej.asso.fr\/?p=4112","title":{"rendered":"[Colloque] \u00ab\u00a0L&rsquo;animal dans l&rsquo;imaginaire de l&rsquo;Asie : alter ou alter ego ?\u00a0\u00bb (13 et 14 janvier 2023, INHA Paris et sur Zoom)"},"content":{"rendered":"\n<p>L&rsquo;Association Asie-Sorbonne, en partenariat avec le Creops (Sorbonne-Universit\u00e9) organise un colloque intitul\u00e9 <\/p>\n\n\n\n<h2 class=\"has-text-align-center wp-block-heading\">\u00ab\u00a0L&rsquo;animal dans l&rsquo;imaginaire de l&rsquo;Asie : alter ou alter ego ?\u00a0\u00bb<br>Vendredi 13 et samedi 14 janvier 2023<br>INHA (Paris) et sur Zoom<\/h2>\n\n\n\n<p><strong>Comit\u00e9 scientifique<\/strong> : Isabelle Charrier, Fr\u00e9deric Girard, Karine Ladrech, Marie Laureillard, Edith Parlier-Renault, Mary Picone, Christine Vial Kayser, Li Xiaohong.<\/p>\n\n\n\n<p>Ce colloque explore la polys\u00e9mie de l\u2019imaginaire de l\u2019animal, tout particuli\u00e8rement de l\u2019animal sauvage, en Asie et ses fonctions : est-il un \u00ab alter ego \u00bb, un animal protecteur, apportant \u00e0 l\u2019humanit\u00e9 ses pouvoirs propres ou un \u00ab alter \u00bb radical, qui repr\u00e9sente un monde autre que l\u2019humanit\u00e9 ? Quels sont les enjeux de ces diverses repr\u00e9sentations pour l\u2019humanit\u00e9 comme pour le partage de la plan\u00e8te avec le monde animal ? Il nous semble que si l\u2019humain acquiert symboliquement la puissance de l\u2019animal, c\u2019est en effet \u00e0 condition qu\u2019il reste au-del\u00e0 d\u2019une fronti\u00e8re homme \/ animal r\u00e9elle ou m\u00e9taphorique.<br>On postule donc que l\u2019animal \u2014 ours, singe, tigre, renard, serpent, corbeau, souris \u2014 est investi d\u2019une alt\u00e9rit\u00e9 radicale, n\u00e9cessaire au lien entre l\u2019humanit\u00e9 et \u00ab la Nature \u00bb. Sa totale domestication ou anthropomorphisation repr\u00e9senterait un danger, physique (qu\u2019a montr\u00e9 la pand\u00e9mie) et symbolique. Face \u00e0 la disparition des espaces primaires et des peuples non modernis\u00e9s, l\u2019animal sauvage semble l\u2019ultime r\u00e9servoir de l\u2019antimoderne, de ce qui \u00e9chappe \u00e0 l\u2019anthropoc\u00e8ne, ce qui n\u2019est pas \u00ab pour \u00bb l\u2019humanit\u00e9. On fait donc deux hypoth\u00e8ses embo\u00eet\u00e9es : que les repr\u00e9sentations animali\u00e8res dans les cultures traditionnelles insistent sur l\u2019alt\u00e9rit\u00e9 de l\u2019animal et que cela a la fonction d\u2019un avertissement : qu\u2019\u00e0 trop vouloir domestiquer le sauvage, l\u2019humanit\u00e9 perdra une source d\u2019alt\u00e9rit\u00e9, essentielle \u00e0 sa survie physiologique, mais aussi spirituelle.<\/p>\n\n\n\n<p>Pour obtenir le lien Zoom, merci d&rsquo;envoyer un email \u00e0 <a href=\"mailto:secretariat@asie-sorbonne.fr\" target=\"_blank\" rel=\"noreferrer noopener\">secretariat@asie-sorbonne.fr<\/a><\/p>\n\n\n\n<p><strong><em>Programme d\u00e9taill\u00e9 avec les r\u00e9sum\u00e9s en ligne <a href=\"https:\/\/asiesorbonne.hypotheses.org\/891\" data-type=\"URL\" data-id=\"https:\/\/asiesorbonne.hypotheses.org\/891\" target=\"_blank\" rel=\"noreferrer noopener\">sur ce lien<\/a>. <\/em><\/strong><\/p>\n","protected":false},"excerpt":{"rendered":"<p>L&rsquo;Association Asie-Sorbonne, en partenariat avec le Creops (Sorbonne-Universit\u00e9) organise un colloque intitul\u00e9 \u00ab\u00a0L&rsquo;animal dans l&rsquo;imaginaire de l&rsquo;Asie : alter ou alter ego ?\u00a0\u00bbVendredi 13 et samedi 14 janvier 2023INHA (Paris) et sur Zoom Comit\u00e9 scientifique : Isabelle Charrier, Fr\u00e9deric Girard,&hellip;&nbsp;<a href=\"http:\/\/sfej.asso.fr\/?p=4112\" class=\"more-link\">Lire la suite<\/a><\/p>\n","protected":false},"author":3,"featured_media":0,"comment_status":"closed","ping_status":"closed","sticky":false,"template":"","format":"standard","meta":{"_EventAllDay":false,"_EventTimezone":"","_EventStartDate":"","_EventEndDate":"","_EventStartDateUTC":"","_EventEndDateUTC":"","_EventShowMap":false,"_EventShowMapLink":false,"_EventURL":"","_EventCost":"","_EventCostDescription":"","_EventCurrencySymbol":"","_EventCurrencyCode":"","_EventCurrencyPosition":"","_EventDateTimeSeparator":"","_EventTimeRangeSeparator":"","_EventOrganizerID":[],"_EventVenueID":[],"_OrganizerEmail":"","_OrganizerPhone":"","_OrganizerWebsite":"","_VenueAddress":"","_VenueCity":"","_VenueCountry":"","_VenueProvince":"","_VenueState":"","_VenueZip":"","_VenuePhone":"","_VenueURL":"","_VenueStateProvince":"","_VenueLat":"","_VenueLng":"","_VenueShowMap":false,"_VenueShowMapLink":false,"footnotes":""},"categories":[28,30],"tags":[],"class_list":["post-4112","post","type-post","status-publish","format-standard","hentry","category-actualites","category-colloque"],"_links":{"self":[{"href":"http:\/\/sfej.asso.fr\/index.php?rest_route=\/wp\/v2\/posts\/4112","targetHints":{"allow":["GET"]}}],"collection":[{"href":"http:\/\/sfej.asso.fr\/index.php?rest_route=\/wp\/v2\/posts"}],"about":[{"href":"http:\/\/sfej.asso.fr\/index.php?rest_route=\/wp\/v2\/types\/post"}],"author":[{"embeddable":true,"href":"http:\/\/sfej.asso.fr\/index.php?rest_route=\/wp\/v2\/users\/3"}],"replies":[{"embeddable":true,"href":"http:\/\/sfej.asso.fr\/index.php?rest_route=%2Fwp%2Fv2%2Fcomments&post=4112"}],"version-history":[{"count":1,"href":"http:\/\/sfej.asso.fr\/index.php?rest_route=\/wp\/v2\/posts\/4112\/revisions"}],"predecessor-version":[{"id":4113,"href":"http:\/\/sfej.asso.fr\/index.php?rest_route=\/wp\/v2\/posts\/4112\/revisions\/4113"}],"wp:attachment":[{"href":"http:\/\/sfej.asso.fr\/index.php?rest_route=%2Fwp%2Fv2%2Fmedia&parent=4112"}],"wp:term":[{"taxonomy":"category","embeddable":true,"href":"http:\/\/sfej.asso.fr\/index.php?rest_route=%2Fwp%2Fv2%2Fcategories&post=4112"},{"taxonomy":"post_tag","embeddable":true,"href":"http:\/\/sfej.asso.fr\/index.php?rest_route=%2Fwp%2Fv2%2Ftags&post=4112"}],"curies":[{"name":"wp","href":"https:\/\/api.w.org\/{rel}","templated":true}]}}