{"id":4116,"date":"2023-01-05T09:53:17","date_gmt":"2023-01-05T08:53:17","guid":{"rendered":"http:\/\/sfej.asso.fr\/?p=4116"},"modified":"2023-01-05T09:55:16","modified_gmt":"2023-01-05T08:55:16","slug":"appel-a-communication-colloque-de-la-sfej-date-limite-30-mars-2023","status":"publish","type":"post","link":"http:\/\/sfej.asso.fr\/?p=4116","title":{"rendered":"[Appel \u00e0 communication] Colloque de la SFEJ (date limite 30 mars 2023)"},"content":{"rendered":"\n<p>Pour bien commencer l&rsquo;ann\u00e9e 2023, ann\u00e9e de colloque SFEJ, nous avons le plaisir de vous informer de l&rsquo;appel \u00e0 communication pour le colloque qui aura lieu du 14 au 16 d\u00e9cembre \u00e0 l&rsquo;Universit\u00e9 Paris-Cit\u00e9 et \u00e0 l&rsquo;Inalco.<\/p>\n\n\n\n<p>Comme annonc\u00e9 lors de l&rsquo;ADEJ, le th\u00e8me principal retenu pour cette \u00e9dition est \u00ab\u00a0<strong>Dit et non-dit<\/strong>\u00ab\u00a0. <\/p>\n\n\n\n<p>Les propositions sans lien avec ce th\u00e8me pourront \u00e9galement \u00eatre consid\u00e9r\u00e9es.&nbsp;<\/p>\n\n\n\n<p>Vous \u00eates invit\u00e9s \u00e0 d\u00e9poser vos propositions (que nous esp\u00e9rons nombreuses) de panel ou de communication individuelle jusqu&rsquo;au\u00a0<strong><span style=\"text-decoration: underline\" class=\"underline\">30 mars 2023<\/span><\/strong>\u00a0sur le site du colloque:\u00a0<a href=\"https:\/\/sfej2023.sciencesconf.org\/\" target=\"_blank\" rel=\"noreferrer noopener\">https:\/\/sfej2023.sciencesconf.org\/<\/a>.\u00a0<\/p>\n\n\n\n<p><strong><em>Appel \u00e0 communication <a href=\"http:\/\/sfej.asso.fr\/wp-content\/uploads\/2023\/01\/colloque-SFEJ-2023-appel-a-communications.pdf\" data-type=\"URL\" data-id=\"http:\/\/sfej.asso.fr\/wp-content\/uploads\/2023\/01\/colloque-SFEJ-2023-appel-a-communications.pdf\" target=\"_blank\" rel=\"noreferrer noopener\">sur ce lien.<\/a><\/em><\/strong><\/p>\n","protected":false},"excerpt":{"rendered":"<p>Pour bien commencer l&rsquo;ann\u00e9e 2023, ann\u00e9e de colloque SFEJ, nous avons le plaisir de vous informer de l&rsquo;appel \u00e0 communication pour le colloque qui aura lieu du 14 au 16 d\u00e9cembre \u00e0 l&rsquo;Universit\u00e9 Paris-Cit\u00e9 et \u00e0 l&rsquo;Inalco. Comme annonc\u00e9 lors&hellip;&nbsp;<a href=\"http:\/\/sfej.asso.fr\/?p=4116\" class=\"more-link\">Lire la suite<\/a><\/p>\n","protected":false},"author":3,"featured_media":0,"comment_status":"closed","ping_status":"closed","sticky":false,"template":"","format":"standard","meta":{"_EventAllDay":false,"_EventTimezone":"","_EventStartDate":"","_EventEndDate":"","_EventStartDateUTC":"","_EventEndDateUTC":"","_EventShowMap":false,"_EventShowMapLink":false,"_EventURL":"","_EventCost":"","_EventCostDescription":"","_EventCurrencySymbol":"","_EventCurrencyCode":"","_EventCurrencyPosition":"","_EventDateTimeSeparator":"","_EventTimeRangeSeparator":"","_EventOrganizerID":[],"_EventVenueID":[],"_OrganizerEmail":"","_OrganizerPhone":"","_OrganizerWebsite":"","_VenueAddress":"","_VenueCity":"","_VenueCountry":"","_VenueProvince":"","_VenueState":"","_VenueZip":"","_VenuePhone":"","_VenueURL":"","_VenueStateProvince":"","_VenueLat":"","_VenueLng":"","_VenueShowMap":false,"_VenueShowMapLink":false,"footnotes":""},"categories":[28,29],"tags":[],"class_list":["post-4116","post","type-post","status-publish","format-standard","hentry","category-actualites","category-appel"],"_links":{"self":[{"href":"http:\/\/sfej.asso.fr\/index.php?rest_route=\/wp\/v2\/posts\/4116","targetHints":{"allow":["GET"]}}],"collection":[{"href":"http:\/\/sfej.asso.fr\/index.php?rest_route=\/wp\/v2\/posts"}],"about":[{"href":"http:\/\/sfej.asso.fr\/index.php?rest_route=\/wp\/v2\/types\/post"}],"author":[{"embeddable":true,"href":"http:\/\/sfej.asso.fr\/index.php?rest_route=\/wp\/v2\/users\/3"}],"replies":[{"embeddable":true,"href":"http:\/\/sfej.asso.fr\/index.php?rest_route=%2Fwp%2Fv2%2Fcomments&post=4116"}],"version-history":[{"count":5,"href":"http:\/\/sfej.asso.fr\/index.php?rest_route=\/wp\/v2\/posts\/4116\/revisions"}],"predecessor-version":[{"id":4122,"href":"http:\/\/sfej.asso.fr\/index.php?rest_route=\/wp\/v2\/posts\/4116\/revisions\/4122"}],"wp:attachment":[{"href":"http:\/\/sfej.asso.fr\/index.php?rest_route=%2Fwp%2Fv2%2Fmedia&parent=4116"}],"wp:term":[{"taxonomy":"category","embeddable":true,"href":"http:\/\/sfej.asso.fr\/index.php?rest_route=%2Fwp%2Fv2%2Fcategories&post=4116"},{"taxonomy":"post_tag","embeddable":true,"href":"http:\/\/sfej.asso.fr\/index.php?rest_route=%2Fwp%2Fv2%2Ftags&post=4116"}],"curies":[{"name":"wp","href":"https:\/\/api.w.org\/{rel}","templated":true}]}}