{"id":4127,"date":"2023-01-09T16:24:30","date_gmt":"2023-01-09T15:24:30","guid":{"rendered":"http:\/\/sfej.asso.fr\/?p=4127"},"modified":"2023-01-09T16:24:30","modified_gmt":"2023-01-09T15:24:30","slug":"poste-faculte-de-langues-etrangeres-de-luniversite-teikyo-date-limite-23-01-23","status":"publish","type":"post","link":"http:\/\/sfej.asso.fr\/?p=4127","title":{"rendered":"[Poste] Facult\u00e9 de langues \u00e9trang\u00e8res de l&rsquo;universit\u00e9 Teiky\u014d (date limite 23\/01\/23)"},"content":{"rendered":"\n<p>Poste d&rsquo;enseignement du fran\u00e7ais \u00e0 la Facult\u00e9 de langues \u00e9trang\u00e8res de l&rsquo;Universit\u00e9 Teiky\u014d (T\u014dky\u014d) \u00e0 pourvoir avec une entr\u00e9e en fonction pr\u00e9vue le 1er avril 2023. La date limite de candidature est fix\u00e9e au 23 janvier 2023. <\/p>\n\n\n\n<p><strong><em>Tous les d\u00e9tails concernant ce poste <a href=\"https:\/\/jrecin.jst.go.jp\/seek\/SeekJorDetail?fn=3&amp;id=D122121685&amp;ln_jor=0\" data-type=\"URL\" data-id=\"https:\/\/jrecin.jst.go.jp\/seek\/SeekJorDetail?fn=3&amp;id=D122121685&amp;ln_jor=0\" target=\"_blank\" rel=\"noreferrer noopener\">en cliquant sur ce lien<\/a>. <\/em><\/strong><\/p>\n","protected":false},"excerpt":{"rendered":"<p>Poste d&rsquo;enseignement du fran\u00e7ais \u00e0 la Facult\u00e9 de langues \u00e9trang\u00e8res de l&rsquo;Universit\u00e9 Teiky\u014d (T\u014dky\u014d) \u00e0 pourvoir avec une entr\u00e9e en fonction pr\u00e9vue le 1er avril 2023. La date limite de candidature est fix\u00e9e au 23 janvier 2023. Tous les d\u00e9tails&hellip;&nbsp;<a href=\"http:\/\/sfej.asso.fr\/?p=4127\" class=\"more-link\">Lire la suite<\/a><\/p>\n","protected":false},"author":3,"featured_media":0,"comment_status":"closed","ping_status":"closed","sticky":false,"template":"","format":"standard","meta":{"_EventAllDay":false,"_EventTimezone":"","_EventStartDate":"","_EventEndDate":"","_EventStartDateUTC":"","_EventEndDateUTC":"","_EventShowMap":false,"_EventShowMapLink":false,"_EventURL":"","_EventCost":"","_EventCostDescription":"","_EventCurrencySymbol":"","_EventCurrencyCode":"","_EventCurrencyPosition":"","_EventDateTimeSeparator":"","_EventTimeRangeSeparator":"","_EventOrganizerID":[],"_EventVenueID":[],"_OrganizerEmail":"","_OrganizerPhone":"","_OrganizerWebsite":"","_VenueAddress":"","_VenueCity":"","_VenueCountry":"","_VenueProvince":"","_VenueState":"","_VenueZip":"","_VenuePhone":"","_VenueURL":"","_VenueStateProvince":"","_VenueLat":"","_VenueLng":"","_VenueShowMap":false,"_VenueShowMapLink":false,"footnotes":""},"categories":[28,33],"tags":[],"class_list":["post-4127","post","type-post","status-publish","format-standard","hentry","category-actualites","category-poste"],"_links":{"self":[{"href":"http:\/\/sfej.asso.fr\/index.php?rest_route=\/wp\/v2\/posts\/4127","targetHints":{"allow":["GET"]}}],"collection":[{"href":"http:\/\/sfej.asso.fr\/index.php?rest_route=\/wp\/v2\/posts"}],"about":[{"href":"http:\/\/sfej.asso.fr\/index.php?rest_route=\/wp\/v2\/types\/post"}],"author":[{"embeddable":true,"href":"http:\/\/sfej.asso.fr\/index.php?rest_route=\/wp\/v2\/users\/3"}],"replies":[{"embeddable":true,"href":"http:\/\/sfej.asso.fr\/index.php?rest_route=%2Fwp%2Fv2%2Fcomments&post=4127"}],"version-history":[{"count":1,"href":"http:\/\/sfej.asso.fr\/index.php?rest_route=\/wp\/v2\/posts\/4127\/revisions"}],"predecessor-version":[{"id":4128,"href":"http:\/\/sfej.asso.fr\/index.php?rest_route=\/wp\/v2\/posts\/4127\/revisions\/4128"}],"wp:attachment":[{"href":"http:\/\/sfej.asso.fr\/index.php?rest_route=%2Fwp%2Fv2%2Fmedia&parent=4127"}],"wp:term":[{"taxonomy":"category","embeddable":true,"href":"http:\/\/sfej.asso.fr\/index.php?rest_route=%2Fwp%2Fv2%2Fcategories&post=4127"},{"taxonomy":"post_tag","embeddable":true,"href":"http:\/\/sfej.asso.fr\/index.php?rest_route=%2Fwp%2Fv2%2Ftags&post=4127"}],"curies":[{"name":"wp","href":"https:\/\/api.w.org\/{rel}","templated":true}]}}