{"id":4133,"date":"2023-01-10T13:39:31","date_gmt":"2023-01-10T12:39:31","guid":{"rendered":"http:\/\/sfej.asso.fr\/?p=4133"},"modified":"2023-01-10T13:42:09","modified_gmt":"2023-01-10T12:42:09","slug":"appel-a-candidature-prix-shibusawa-claudel-2023-date-limite-15-mars-2023","status":"publish","type":"post","link":"http:\/\/sfej.asso.fr\/?p=4133","title":{"rendered":"[Appel \u00e0 candidature] Prix Shibusawa Claudel 2023 (date limite 15 mars 2023)"},"content":{"rendered":"\n<p>La Fondation France-Japon de l\u2019EHESS et la Maison franco-japonaise ont le plaisir d\u2019annoncer<br>le lancement de l\u2019appel \u00e0 candidatures du Prix Shibusawa Claudel pour l\u2019ann\u00e9e 2023.<br>Le volet fran\u00e7ais du Prix Shibusawa Claudel r\u00e9compense chaque ann\u00e9e un texte (ouvrage ou<br>th\u00e8se en sciences humaines et sociales ou sciences exactes, ou traduction d\u2019un ouvrage) de<br>haut niveau r\u00e9dig\u00e9 en fran\u00e7ais et portant sur le Japon.<\/p>\n\n\n\n<h2 class=\"wp-block-heading\">\u00c9ligibilit\u00e9 des candidatures<\/h2>\n\n\n\n<p>L\u2019auteur.e doit avoir moins de 45 ans inclus au 31 d\u00e9cembre suivant la date limite de<br>candidature. Le texte pr\u00e9sent\u00e9 en candidature doit \u00eatre r\u00e9dig\u00e9 en fran\u00e7ais, et doit \u00eatre le fruit<br>d\u2019un travail individuel. Dans le cas d\u2019un ouvrage paru, il doit avoir \u00e9t\u00e9 publi\u00e9 au cours des deux<br>ann\u00e9es pr\u00e9c\u00e9dant la date limite de candidature au Prix. Pour les th\u00e8ses de doctorat, la<br>soutenance doit avoir eu lieu au cours des deux ann\u00e9es pr\u00e9c\u00e9dant la date limite de candidature<br>au Prix.<br>Le texte pr\u00e9sent\u00e9 en candidature peut \u00eatre un ouvrage acad\u00e9mique, un essai, une th\u00e8se, ou<br>la traduction en fran\u00e7ais d\u2019un ouvrage japonais. Il doit imp\u00e9rativement porter sur le Japon. Si<br>le texte pr\u00e9sent\u00e9 en candidature est un ouvrage acad\u00e9mique ou une th\u00e8se, les domaines pris<br>en consid\u00e9ration sont les sciences humaines et sociales, dont la litt\u00e9rature, l\u2019art, la philosophie,<br>l\u2019histoire, le droit, l\u2019\u00e9conomie, ainsi que les sciences exactes.<\/p>\n\n\n\n<h2 class=\"wp-block-heading\">Modalit\u00e9s de candidature<\/h2>\n\n\n\n<p>Les candidat.e.s devront faire parvenir par email \u00e0 <a rel=\"noreferrer noopener\" href=\"mailto:prixshibusawaclaudel_ffj@ehess.fr\" target=\"_blank\">prixshibusawaclaudel_ffj@ehess.fr<\/a><br><strong><span style=\"text-decoration: underline\" class=\"underline\">avant le 15 mars 2023 minuit (heure fran\u00e7aise) <\/span><\/strong>leur dossier complet de candidature<br>comportant les pi\u00e8ces suivantes, qui doivent \u00eatre envoy\u00e9es au format PDF et nomm\u00e9es \u00ab nom<br>du candidat &#8211; nature du document \u00bb.<br>a) un curriculum vitae indiquant la date de naissance du ou de la candidat.e ;<br>b) une pr\u00e9sentation du travail en fran\u00e7ais et en japonais (chacune des deux versions<br>en 2p.) incluant \u00e9ventuellement une pr\u00e9sentation du sujet d\u2019\u00e9tude, une explication des<br>recherches pr\u00e9alables \u00e0 la r\u00e9daction, une pr\u00e9sentation des principes m\u00e9thodologiques<br>appliqu\u00e9s \u00e0 cette recherche, une conclusion du travail de recherche.<br>c) le manuscrit dans son int\u00e9gralit\u00e9 ;<br>d) trois exemplaires en cas d\u2019ouvrage paru (nous contacter pour l\u2019envoi postal) ;<br>e) le rapport de soutenance si le texte pr\u00e9sent\u00e9 en candidature est une th\u00e8se.<\/p>\n\n\n\n<p><br>Les r\u00e9sultats seront transmis aux candidat.e.s puis rendus publics <strong>en juillet 2023<\/strong>, apr\u00e8s la<br>r\u00e9union du jury. La c\u00e9r\u00e9monie de remise du Prix se tiendra \u00e0 Paris <strong>\u00e0 l\u2019automne 2023<\/strong> et le<br>s\u00e9jour du ou de la laur\u00e9at.e au Japon aura lieu en <strong>2024<\/strong>.<br>Le r\u00e8glement int\u00e9gral du volet fran\u00e7ais du Prix Shibusawa Claudel est accessible sur <a href=\"http:\/\/ffj.ehess.fr\/shibusawa_claudel.html\" data-type=\"URL\" data-id=\"http:\/\/ffj.ehess.fr\/shibusawa_claudel.html\" target=\"_blank\" rel=\"noreferrer noopener\">le site de<br>la Fondation France-Japon de l\u2019EHESS<\/a>.<\/p>\n","protected":false},"excerpt":{"rendered":"<p>La Fondation France-Japon de l\u2019EHESS et la Maison franco-japonaise ont le plaisir d\u2019annoncerle lancement de l\u2019appel \u00e0 candidatures du Prix Shibusawa Claudel pour l\u2019ann\u00e9e 2023.Le volet fran\u00e7ais du Prix Shibusawa Claudel r\u00e9compense chaque ann\u00e9e un texte (ouvrage outh\u00e8se en sciences&hellip;&nbsp;<a href=\"http:\/\/sfej.asso.fr\/?p=4133\" class=\"more-link\">Lire la suite<\/a><\/p>\n","protected":false},"author":3,"featured_media":0,"comment_status":"closed","ping_status":"closed","sticky":false,"template":"","format":"standard","meta":{"_EventAllDay":false,"_EventTimezone":"","_EventStartDate":"","_EventEndDate":"","_EventStartDateUTC":"","_EventEndDateUTC":"","_EventShowMap":false,"_EventShowMapLink":false,"_EventURL":"","_EventCost":"","_EventCostDescription":"","_EventCurrencySymbol":"","_EventCurrencyCode":"","_EventCurrencyPosition":"","_EventDateTimeSeparator":"","_EventTimeRangeSeparator":"","_EventOrganizerID":[],"_EventVenueID":[],"_OrganizerEmail":"","_OrganizerPhone":"","_OrganizerWebsite":"","_VenueAddress":"","_VenueCity":"","_VenueCountry":"","_VenueProvince":"","_VenueState":"","_VenueZip":"","_VenuePhone":"","_VenueURL":"","_VenueStateProvince":"","_VenueLat":"","_VenueLng":"","_VenueShowMap":false,"_VenueShowMapLink":false,"footnotes":""},"categories":[28,29],"tags":[],"class_list":["post-4133","post","type-post","status-publish","format-standard","hentry","category-actualites","category-appel"],"_links":{"self":[{"href":"http:\/\/sfej.asso.fr\/index.php?rest_route=\/wp\/v2\/posts\/4133","targetHints":{"allow":["GET"]}}],"collection":[{"href":"http:\/\/sfej.asso.fr\/index.php?rest_route=\/wp\/v2\/posts"}],"about":[{"href":"http:\/\/sfej.asso.fr\/index.php?rest_route=\/wp\/v2\/types\/post"}],"author":[{"embeddable":true,"href":"http:\/\/sfej.asso.fr\/index.php?rest_route=\/wp\/v2\/users\/3"}],"replies":[{"embeddable":true,"href":"http:\/\/sfej.asso.fr\/index.php?rest_route=%2Fwp%2Fv2%2Fcomments&post=4133"}],"version-history":[{"count":2,"href":"http:\/\/sfej.asso.fr\/index.php?rest_route=\/wp\/v2\/posts\/4133\/revisions"}],"predecessor-version":[{"id":4135,"href":"http:\/\/sfej.asso.fr\/index.php?rest_route=\/wp\/v2\/posts\/4133\/revisions\/4135"}],"wp:attachment":[{"href":"http:\/\/sfej.asso.fr\/index.php?rest_route=%2Fwp%2Fv2%2Fmedia&parent=4133"}],"wp:term":[{"taxonomy":"category","embeddable":true,"href":"http:\/\/sfej.asso.fr\/index.php?rest_route=%2Fwp%2Fv2%2Fcategories&post=4133"},{"taxonomy":"post_tag","embeddable":true,"href":"http:\/\/sfej.asso.fr\/index.php?rest_route=%2Fwp%2Fv2%2Ftags&post=4133"}],"curies":[{"name":"wp","href":"https:\/\/api.w.org\/{rel}","templated":true}]}}