{"id":4296,"date":"2023-02-02T18:09:39","date_gmt":"2023-02-02T17:09:39","guid":{"rendered":"http:\/\/sfej.asso.fr\/?p=4296"},"modified":"2023-02-02T18:09:39","modified_gmt":"2023-02-02T17:09:39","slug":"colloquelessor-des-etudes-japonaises-en-france-des-annees-1960-aux-annees-1990-mercredi-31-mai-2023-paris","status":"publish","type":"post","link":"http:\/\/sfej.asso.fr\/?p=4296","title":{"rendered":"[Colloque]\u00a0\u00bbL&rsquo;essor des \u00e9tudes japonaises en France : des ann\u00e9es 1960 aux ann\u00e9es 1990&Prime; (mercredi 31 mai 2023, Paris)"},"content":{"rendered":"\n<p>\u00c0 l&rsquo;occasion du 20<sup>e<\/sup> anniversaire de la disparition de <strong>Jean-Jacques Origas<\/strong> (1937-2003), <strong>Emmanuel Lozerand<\/strong> (Inalco), <strong>Michael Lucken<\/strong> (Inalco) et <strong>Karoline Postel-Vinay<\/strong> (Sciences Po) organisent un colloque intitul\u00e9 : <\/p>\n\n\n\n<h2 class=\"has-text-align-center wp-block-heading\">\u00ab\u00a0L&rsquo;essor des \u00e9tudes japonaises en France : des ann\u00e9es 1960 aux ann\u00e9es 1990\u00a0\u00bb<br>Mercredi 31 mai 2023<br>Maison de la Recherche de l&rsquo;Inalco, Auditorium Dum\u00e9zil<br>2 rue de Lille, 75007 Paris<\/h2>\n\n\n\n<p>Nous reviendrons sur cette annonce dans de prochains billets.<\/p>\n","protected":false},"excerpt":{"rendered":"<p>\u00c0 l&rsquo;occasion du 20e anniversaire de la disparition de Jean-Jacques Origas (1937-2003), Emmanuel Lozerand (Inalco), Michael Lucken (Inalco) et Karoline Postel-Vinay (Sciences Po) organisent un colloque intitul\u00e9 : \u00ab\u00a0L&rsquo;essor des \u00e9tudes japonaises en France : des ann\u00e9es 1960 aux ann\u00e9es&hellip;&nbsp;<a href=\"http:\/\/sfej.asso.fr\/?p=4296\" class=\"more-link\">Lire la suite<\/a><\/p>\n","protected":false},"author":3,"featured_media":0,"comment_status":"closed","ping_status":"closed","sticky":false,"template":"","format":"standard","meta":{"_EventAllDay":false,"_EventTimezone":"","_EventStartDate":"","_EventEndDate":"","_EventStartDateUTC":"","_EventEndDateUTC":"","_EventShowMap":false,"_EventShowMapLink":false,"_EventURL":"","_EventCost":"","_EventCostDescription":"","_EventCurrencySymbol":"","_EventCurrencyCode":"","_EventCurrencyPosition":"","_EventDateTimeSeparator":"","_EventTimeRangeSeparator":"","_EventOrganizerID":[],"_EventVenueID":[],"_OrganizerEmail":"","_OrganizerPhone":"","_OrganizerWebsite":"","_VenueAddress":"","_VenueCity":"","_VenueCountry":"","_VenueProvince":"","_VenueState":"","_VenueZip":"","_VenuePhone":"","_VenueURL":"","_VenueStateProvince":"","_VenueLat":"","_VenueLng":"","_VenueShowMap":false,"_VenueShowMapLink":false,"footnotes":""},"categories":[28,30],"tags":[],"class_list":["post-4296","post","type-post","status-publish","format-standard","hentry","category-actualites","category-colloque"],"_links":{"self":[{"href":"http:\/\/sfej.asso.fr\/index.php?rest_route=\/wp\/v2\/posts\/4296","targetHints":{"allow":["GET"]}}],"collection":[{"href":"http:\/\/sfej.asso.fr\/index.php?rest_route=\/wp\/v2\/posts"}],"about":[{"href":"http:\/\/sfej.asso.fr\/index.php?rest_route=\/wp\/v2\/types\/post"}],"author":[{"embeddable":true,"href":"http:\/\/sfej.asso.fr\/index.php?rest_route=\/wp\/v2\/users\/3"}],"replies":[{"embeddable":true,"href":"http:\/\/sfej.asso.fr\/index.php?rest_route=%2Fwp%2Fv2%2Fcomments&post=4296"}],"version-history":[{"count":1,"href":"http:\/\/sfej.asso.fr\/index.php?rest_route=\/wp\/v2\/posts\/4296\/revisions"}],"predecessor-version":[{"id":4297,"href":"http:\/\/sfej.asso.fr\/index.php?rest_route=\/wp\/v2\/posts\/4296\/revisions\/4297"}],"wp:attachment":[{"href":"http:\/\/sfej.asso.fr\/index.php?rest_route=%2Fwp%2Fv2%2Fmedia&parent=4296"}],"wp:term":[{"taxonomy":"category","embeddable":true,"href":"http:\/\/sfej.asso.fr\/index.php?rest_route=%2Fwp%2Fv2%2Fcategories&post=4296"},{"taxonomy":"post_tag","embeddable":true,"href":"http:\/\/sfej.asso.fr\/index.php?rest_route=%2Fwp%2Fv2%2Ftags&post=4296"}],"curies":[{"name":"wp","href":"https:\/\/api.w.org\/{rel}","templated":true}]}}