{"id":4300,"date":"2023-02-03T08:39:29","date_gmt":"2023-02-03T07:39:29","guid":{"rendered":"http:\/\/sfej.asso.fr\/?p=4300"},"modified":"2023-02-03T08:39:29","modified_gmt":"2023-02-03T07:39:29","slug":"parution-assimilation-et-vestiges-des-ainous-manifeste-precurseur-autochtone","status":"publish","type":"post","link":"http:\/\/sfej.asso.fr\/?p=4300","title":{"rendered":"[Parution] Assimilation et vestiges des A\u00efnous, Manifeste pr\u00e9curseur autochtone"},"content":{"rendered":"\n<p>Le r\u00e9seau Japarchi a le plaisir de vous annoncer la publication de l&rsquo;ouvrage suivant la culture du peuple a\u00efnou. Les questions des territoires et de l&rsquo;habiter y sont fondamentales : <\/p>\n\n\n\n<h2 class=\"has-text-align-center wp-block-heading\">Assimilation et vestiges des A\u00efnous, Manifeste pr\u00e9curseur autochtone<br>Nukishio Kiz\u014d, 2022, 288 pages<br>Presses de l&rsquo;Universit\u00e9 du Qu\u00e9bec<br>Collection Jardin de Givre<\/h2>\n\n\n\n<p>Avec une pr\u00e9sentation de Daniel Chartier, une introduction, une chronologie et des notes de Lucien-Laurent Clercq. Traduit du japonais par Sakurai Norio et Lucien-Laurent Clercq.<\/p>\n\n\n\n<p><strong><em><a href=\"https:\/\/www.puq.ca\/\" data-type=\"URL\" data-id=\"https:\/\/www.puq.ca\/\" target=\"_blank\" rel=\"noreferrer noopener\">Lien vers le site Internet des Presses de l&rsquo;Universit\u00e9 du Qu\u00e9bec.<\/a><\/em><\/strong><\/p>\n\n\n<div class=\"wp-block-image\">\n<figure class=\"aligncenter size-full is-resized\"><img loading=\"lazy\" decoding=\"async\" src=\"http:\/\/sfej.asso.fr\/wp-content\/uploads\/2023\/02\/Ainous.jpg\" alt=\"\" class=\"wp-image-4301\" width=\"619\" height=\"800\" srcset=\"http:\/\/sfej.asso.fr\/wp-content\/uploads\/2023\/02\/Ainous.jpg 619w, http:\/\/sfej.asso.fr\/wp-content\/uploads\/2023\/02\/Ainous-232x300.jpg 232w, http:\/\/sfej.asso.fr\/wp-content\/uploads\/2023\/02\/Ainous-209x270.jpg 209w\" sizes=\"auto, (max-width: 619px) 100vw, 619px\" \/><\/figure>\n<\/div>","protected":false},"excerpt":{"rendered":"<p>Le r\u00e9seau Japarchi a le plaisir de vous annoncer la publication de l&rsquo;ouvrage suivant la culture du peuple a\u00efnou. Les questions des territoires et de l&rsquo;habiter y sont fondamentales : Assimilation et vestiges des A\u00efnous, Manifeste pr\u00e9curseur autochtoneNukishio Kiz\u014d, 2022,&hellip;&nbsp;<a href=\"http:\/\/sfej.asso.fr\/?p=4300\" class=\"more-link\">Lire la suite<\/a><\/p>\n","protected":false},"author":3,"featured_media":0,"comment_status":"closed","ping_status":"closed","sticky":false,"template":"","format":"standard","meta":{"_EventAllDay":false,"_EventTimezone":"","_EventStartDate":"","_EventEndDate":"","_EventStartDateUTC":"","_EventEndDateUTC":"","_EventShowMap":false,"_EventShowMapLink":false,"_EventURL":"","_EventCost":"","_EventCostDescription":"","_EventCurrencySymbol":"","_EventCurrencyCode":"","_EventCurrencyPosition":"","_EventDateTimeSeparator":"","_EventTimeRangeSeparator":"","_EventOrganizerID":[],"_EventVenueID":[],"_OrganizerEmail":"","_OrganizerPhone":"","_OrganizerWebsite":"","_VenueAddress":"","_VenueCity":"","_VenueCountry":"","_VenueProvince":"","_VenueState":"","_VenueZip":"","_VenuePhone":"","_VenueURL":"","_VenueStateProvince":"","_VenueLat":"","_VenueLng":"","_VenueShowMap":false,"_VenueShowMapLink":false,"footnotes":""},"categories":[28,2],"tags":[],"class_list":["post-4300","post","type-post","status-publish","format-standard","hentry","category-actualites","category-publications"],"_links":{"self":[{"href":"http:\/\/sfej.asso.fr\/index.php?rest_route=\/wp\/v2\/posts\/4300","targetHints":{"allow":["GET"]}}],"collection":[{"href":"http:\/\/sfej.asso.fr\/index.php?rest_route=\/wp\/v2\/posts"}],"about":[{"href":"http:\/\/sfej.asso.fr\/index.php?rest_route=\/wp\/v2\/types\/post"}],"author":[{"embeddable":true,"href":"http:\/\/sfej.asso.fr\/index.php?rest_route=\/wp\/v2\/users\/3"}],"replies":[{"embeddable":true,"href":"http:\/\/sfej.asso.fr\/index.php?rest_route=%2Fwp%2Fv2%2Fcomments&post=4300"}],"version-history":[{"count":1,"href":"http:\/\/sfej.asso.fr\/index.php?rest_route=\/wp\/v2\/posts\/4300\/revisions"}],"predecessor-version":[{"id":4302,"href":"http:\/\/sfej.asso.fr\/index.php?rest_route=\/wp\/v2\/posts\/4300\/revisions\/4302"}],"wp:attachment":[{"href":"http:\/\/sfej.asso.fr\/index.php?rest_route=%2Fwp%2Fv2%2Fmedia&parent=4300"}],"wp:term":[{"taxonomy":"category","embeddable":true,"href":"http:\/\/sfej.asso.fr\/index.php?rest_route=%2Fwp%2Fv2%2Fcategories&post=4300"},{"taxonomy":"post_tag","embeddable":true,"href":"http:\/\/sfej.asso.fr\/index.php?rest_route=%2Fwp%2Fv2%2Ftags&post=4300"}],"curies":[{"name":"wp","href":"https:\/\/api.w.org\/{rel}","templated":true}]}}