{"id":4745,"date":"2023-04-14T07:53:27","date_gmt":"2023-04-14T05:53:27","guid":{"rendered":"http:\/\/sfej.asso.fr\/?p=4745"},"modified":"2023-04-14T07:57:13","modified_gmt":"2023-04-14T05:57:13","slug":"recrutement-enseignante-de-langue-japonaise-a-temps-partiel-mcjp-date-limite-1er-juin-2023","status":"publish","type":"post","link":"http:\/\/sfej.asso.fr\/?p=4745","title":{"rendered":"[Recrutement] Enseignant(e) de langue japonaise \u00e0 temps partiel, MCJP (date limite 1er juin 2023)"},"content":{"rendered":"\n<p>La <strong><a href=\"https:\/\/www.mcjp.fr\/\" data-type=\"URL\" data-id=\"https:\/\/www.mcjp.fr\/\" target=\"_blank\" rel=\"noreferrer noopener\">Maison de la culture du Japon \u00e0 Paris<\/a><\/strong> recrute un(e) enseignant(e) de la langue japonaise \u00e0 temps partiel pour la p\u00e9riode de septembre 2023 \u00e0 f\u00e9vrier 2024.<\/p>\n\n\n\n<p>Vous trouverez ci-dessous les informations de ce poste et des d\u00e9marches de recrutement.<\/p>\n\n\n\n<p>Le d\u00e9p\u00f4t des candidatures est ouvert <strong><span style=\"text-decoration: underline;\">jusqu&rsquo;au 1 juin 2023 \u00e0 12h<\/span><\/strong>; \u00e0 envoyer sur l&rsquo;adresse <a rel=\"noreferrer noopener\" href=\"mailto:koza@mcjp.fr\" target=\"_blank\">koza@mcjp.fr<\/a>.<\/p>\n\n\n\n<p><a rel=\"noreferrer noopener\" href=\"http:\/\/sfej.asso.fr\/wp-content\/uploads\/2023\/04\/\u975e\u5e38\u52e4\u8b1b\u5e2b\u52df\u96c6\u6848\u5185.pdf\" data-type=\"URL\" data-id=\"http:\/\/sfej.asso.fr\/wp-content\/uploads\/2023\/04\/\u975e\u5e38\u52e4\u8b1b\u5e2b\u52df\u96c6\u6848\u5185.pdf\" target=\"_blank\">Fiche de poste<\/a>, <a href=\"http:\/\/sfej.asso.fr\/wp-content\/uploads\/2023\/04\/\u30b7\u30d5\u30c8\u5e0c\u671b\u7968.pdf\" data-type=\"URL\" data-id=\"http:\/\/sfej.asso.fr\/wp-content\/uploads\/2023\/04\/\u30b7\u30d5\u30c8\u5e0c\u671b\u7968.pdf\" target=\"_blank\" rel=\"noreferrer noopener\">disponibilit\u00e9s<\/a>.<\/p>\n","protected":false},"excerpt":{"rendered":"<p>La Maison de la culture du Japon \u00e0 Paris recrute un(e) enseignant(e) de la langue japonaise \u00e0 temps partiel pour la p\u00e9riode de septembre 2023 \u00e0 f\u00e9vrier 2024. Vous trouverez ci-dessous les informations de ce poste et des d\u00e9marches de&hellip;&nbsp;<a href=\"http:\/\/sfej.asso.fr\/?p=4745\" class=\"more-link\">Lire la suite<\/a><\/p>\n","protected":false},"author":3,"featured_media":0,"comment_status":"closed","ping_status":"closed","sticky":false,"template":"","format":"standard","meta":{"_EventAllDay":false,"_EventTimezone":"","_EventStartDate":"","_EventEndDate":"","_EventStartDateUTC":"","_EventEndDateUTC":"","_EventShowMap":false,"_EventShowMapLink":false,"_EventURL":"","_EventCost":"","_EventCostDescription":"","_EventCurrencySymbol":"","_EventCurrencyCode":"","_EventCurrencyPosition":"","_EventDateTimeSeparator":"","_EventTimeRangeSeparator":"","_EventOrganizerID":[],"_EventVenueID":[],"_OrganizerEmail":"","_OrganizerPhone":"","_OrganizerWebsite":"","_VenueAddress":"","_VenueCity":"","_VenueCountry":"","_VenueProvince":"","_VenueState":"","_VenueZip":"","_VenuePhone":"","_VenueURL":"","_VenueStateProvince":"","_VenueLat":"","_VenueLng":"","_VenueShowMap":false,"_VenueShowMapLink":false,"footnotes":""},"categories":[28,33],"tags":[],"class_list":["post-4745","post","type-post","status-publish","format-standard","hentry","category-actualites","category-poste"],"_links":{"self":[{"href":"http:\/\/sfej.asso.fr\/index.php?rest_route=\/wp\/v2\/posts\/4745","targetHints":{"allow":["GET"]}}],"collection":[{"href":"http:\/\/sfej.asso.fr\/index.php?rest_route=\/wp\/v2\/posts"}],"about":[{"href":"http:\/\/sfej.asso.fr\/index.php?rest_route=\/wp\/v2\/types\/post"}],"author":[{"embeddable":true,"href":"http:\/\/sfej.asso.fr\/index.php?rest_route=\/wp\/v2\/users\/3"}],"replies":[{"embeddable":true,"href":"http:\/\/sfej.asso.fr\/index.php?rest_route=%2Fwp%2Fv2%2Fcomments&post=4745"}],"version-history":[{"count":6,"href":"http:\/\/sfej.asso.fr\/index.php?rest_route=\/wp\/v2\/posts\/4745\/revisions"}],"predecessor-version":[{"id":4755,"href":"http:\/\/sfej.asso.fr\/index.php?rest_route=\/wp\/v2\/posts\/4745\/revisions\/4755"}],"wp:attachment":[{"href":"http:\/\/sfej.asso.fr\/index.php?rest_route=%2Fwp%2Fv2%2Fmedia&parent=4745"}],"wp:term":[{"taxonomy":"category","embeddable":true,"href":"http:\/\/sfej.asso.fr\/index.php?rest_route=%2Fwp%2Fv2%2Fcategories&post=4745"},{"taxonomy":"post_tag","embeddable":true,"href":"http:\/\/sfej.asso.fr\/index.php?rest_route=%2Fwp%2Fv2%2Ftags&post=4745"}],"curies":[{"name":"wp","href":"https:\/\/api.w.org\/{rel}","templated":true}]}}