{"id":4756,"date":"2023-04-14T08:07:55","date_gmt":"2023-04-14T06:07:55","guid":{"rendered":"http:\/\/sfej.asso.fr\/?p=4756"},"modified":"2023-04-14T08:07:56","modified_gmt":"2023-04-14T06:07:56","slug":"journee-detudeenjeux-memoriels-tensions-nationalistes-et-mobilisations-vendredi-14-avril-2023-14h-19h30","status":"publish","type":"post","link":"http:\/\/sfej.asso.fr\/?p=4756","title":{"rendered":"[Journ\u00e9e d&rsquo;\u00e9tude]\u00a0\u00bbEnjeux m\u00e9moriels, tensions nationalistes et mobilisations\u00a0\u00bb (vendredi 14 avril 2023, 14h-19h30)"},"content":{"rendered":"\n<p>Une journ\u00e9e d&rsquo;\u00e9tudes\u00a0<strong>Cor\u00e9e-Japon : enjeux m\u00e9moriels, tensions nationalistes et mobilisations<\/strong> a lieu \u00e0 Aix-Marseille Universit\u00e9 vendredi 14 avril 2023, de 14h \u00e0 19h30.<\/p>\n\n\n\n<p>Elle comportera une conf\u00e9rence de <strong>Watanabe Mina<\/strong>, directrice\u00a0du mus\u00e9e Women\u2019s Active Museum on War and Peace (WAM) \u00e0 Tokyo,\u00a0et une projection-d\u00e9bat, organis\u00e9e en partenariat avec\u00a0\u00ab\u2009Fen\u00eatre sur le Japon\u2009\u00bb (CRJ-CCJ, EHESS), l&rsquo;Inalco et l&rsquo;universit\u00e9 d&rsquo;Orleans, ainsi qu&rsquo;avec le soutien du GIS Asie, de l\u2019IrAsia et de la Fondation de l\u2019Inalco.<\/p>\n\n\n\n<p><strong><span style=\"text-decoration: underline;\">Lieu<\/span><\/strong> : salle 016 (RDC), b\u00e2timent Pouillon, Facult\u00e9 de Droit et des Sciences Politiques, Aix-Marseille Universit\u00e9; 3 avenue Schuman, Aix-en-Provence.<\/p>\n\n\n\n<p><a href=\"https:\/\/facdedroit.univ-amu.fr\/sites\/facdedroit.univ-amu.fr\/files\/media-ressource\/plan_des_amphis_fdsp-29-2_0.jpg\">https:\/\/facdedroit.univ-amu.fr\/sites\/facdedroit.univ-amu.fr\/files\/media-ressource\/plan_des_amphis_fdsp-29-2_0.jpg<\/a><\/p>\n\n\n\n<p><strong><span style=\"text-decoration: underline;\">Contact<\/span><\/strong> : Kanae Sarugasawa, <a href=\"mailto:kanae.sarugasawa@univ-amu.fr\" target=\"_blank\" rel=\"noreferrer noopener\">kanae.sarugasawa@univ-amu.fr<\/a><\/p>\n\n\n<div class=\"wp-block-image\">\n<figure class=\"aligncenter size-large is-resized\"><img loading=\"lazy\" decoding=\"async\" src=\"http:\/\/sfej.asso.fr\/wp-content\/uploads\/2023\/04\/140723-721x1024.jpg\" alt=\"\" class=\"wp-image-4757\" width=\"541\" height=\"768\" srcset=\"http:\/\/sfej.asso.fr\/wp-content\/uploads\/2023\/04\/140723-721x1024.jpg 721w, http:\/\/sfej.asso.fr\/wp-content\/uploads\/2023\/04\/140723-211x300.jpg 211w, http:\/\/sfej.asso.fr\/wp-content\/uploads\/2023\/04\/140723-768x1091.jpg 768w, http:\/\/sfej.asso.fr\/wp-content\/uploads\/2023\/04\/140723-190x270.jpg 190w, http:\/\/sfej.asso.fr\/wp-content\/uploads\/2023\/04\/140723.jpg 971w\" sizes=\"auto, (max-width: 541px) 100vw, 541px\" \/><\/figure>\n<\/div>","protected":false},"excerpt":{"rendered":"<p>Une journ\u00e9e d&rsquo;\u00e9tudes\u00a0Cor\u00e9e-Japon : enjeux m\u00e9moriels, tensions nationalistes et mobilisations a lieu \u00e0 Aix-Marseille Universit\u00e9 vendredi 14 avril 2023, de 14h \u00e0 19h30. Elle comportera une conf\u00e9rence de Watanabe Mina, directrice\u00a0du mus\u00e9e Women\u2019s Active Museum on War and Peace (WAM)&hellip;&nbsp;<a href=\"http:\/\/sfej.asso.fr\/?p=4756\" class=\"more-link\">Lire la suite<\/a><\/p>\n","protected":false},"author":3,"featured_media":0,"comment_status":"closed","ping_status":"closed","sticky":false,"template":"","format":"standard","meta":{"_EventAllDay":false,"_EventTimezone":"","_EventStartDate":"","_EventEndDate":"","_EventStartDateUTC":"","_EventEndDateUTC":"","_EventShowMap":false,"_EventShowMapLink":false,"_EventURL":"","_EventCost":"","_EventCostDescription":"","_EventCurrencySymbol":"","_EventCurrencyCode":"","_EventCurrencyPosition":"","_EventDateTimeSeparator":"","_EventTimeRangeSeparator":"","_EventOrganizerID":[],"_EventVenueID":[],"_OrganizerEmail":"","_OrganizerPhone":"","_OrganizerWebsite":"","_VenueAddress":"","_VenueCity":"","_VenueCountry":"","_VenueProvince":"","_VenueState":"","_VenueZip":"","_VenuePhone":"","_VenueURL":"","_VenueStateProvince":"","_VenueLat":"","_VenueLng":"","_VenueShowMap":false,"_VenueShowMapLink":false,"footnotes":""},"categories":[28,30],"tags":[],"class_list":["post-4756","post","type-post","status-publish","format-standard","hentry","category-actualites","category-colloque"],"_links":{"self":[{"href":"http:\/\/sfej.asso.fr\/index.php?rest_route=\/wp\/v2\/posts\/4756","targetHints":{"allow":["GET"]}}],"collection":[{"href":"http:\/\/sfej.asso.fr\/index.php?rest_route=\/wp\/v2\/posts"}],"about":[{"href":"http:\/\/sfej.asso.fr\/index.php?rest_route=\/wp\/v2\/types\/post"}],"author":[{"embeddable":true,"href":"http:\/\/sfej.asso.fr\/index.php?rest_route=\/wp\/v2\/users\/3"}],"replies":[{"embeddable":true,"href":"http:\/\/sfej.asso.fr\/index.php?rest_route=%2Fwp%2Fv2%2Fcomments&post=4756"}],"version-history":[{"count":1,"href":"http:\/\/sfej.asso.fr\/index.php?rest_route=\/wp\/v2\/posts\/4756\/revisions"}],"predecessor-version":[{"id":4758,"href":"http:\/\/sfej.asso.fr\/index.php?rest_route=\/wp\/v2\/posts\/4756\/revisions\/4758"}],"wp:attachment":[{"href":"http:\/\/sfej.asso.fr\/index.php?rest_route=%2Fwp%2Fv2%2Fmedia&parent=4756"}],"wp:term":[{"taxonomy":"category","embeddable":true,"href":"http:\/\/sfej.asso.fr\/index.php?rest_route=%2Fwp%2Fv2%2Fcategories&post=4756"},{"taxonomy":"post_tag","embeddable":true,"href":"http:\/\/sfej.asso.fr\/index.php?rest_route=%2Fwp%2Fv2%2Ftags&post=4756"}],"curies":[{"name":"wp","href":"https:\/\/api.w.org\/{rel}","templated":true}]}}