{"id":4761,"date":"2023-04-14T10:24:02","date_gmt":"2023-04-14T08:24:02","guid":{"rendered":"http:\/\/sfej.asso.fr\/?p=4761"},"modified":"2023-04-14T10:51:58","modified_gmt":"2023-04-14T08:51:58","slug":"journee-detudesles-reseaux-intra-asiatiques-dans-la-formation-de-lasie-orientale-1800-2000-vendredi-24-avril-2023-14h-18h","status":"publish","type":"post","link":"http:\/\/sfej.asso.fr\/?p=4761","title":{"rendered":"[Journ\u00e9e d&rsquo;\u00e9tudes]\u00a0\u00bbLes r\u00e9seaux intra-asiatiques dans la formation de l&rsquo;Asie orientale 1800-2000&Prime; (vendredi 14 avril 2023, 14h-18h)"},"content":{"rendered":"\n<p>L&rsquo;IFRAE organise une journ\u00e9e d&rsquo;\u00e9tudes intitul\u00e9e :<\/p>\n\n\n\n<h2 class=\"wp-block-heading has-text-align-center\">\u00ab\u00a0Les r\u00e9seaux intra-asiatiques dans la formation de l&rsquo;Asie orientale 1800-2000\u00a0\u00bb<br>Vendredi 14 avril 2023, de 14h \u00e0 18h<br>Salon Borel, Maison de la Recherche de l&rsquo;Inalco, 2 rue de Lille, Paris<\/h2>\n\n\n\n<h2 class=\"wp-block-heading\">Programme<\/h2>\n\n\n\n<p>&#8211; L&rsquo;H\u00c9RISSON, Edouard (Inalco) \u00ab\u00a0Les r\u00e9seaux asiatiques du shint\u00f4 \u00e0 partir de trois cas modernes\u00a0\u00bb&nbsp;<\/p>\n\n\n\n<p>&#8211; ROUSTAN, Fr\u00e9d\u00e9ric (Universit\u00e9 Lumi\u00e8re Lyon 2) \u00ab\u00a0Circulation et interm\u00e9diation migratoire des femmes Japonaises au Tonkin (1880-1920)\u00a0\u00bb&nbsp;<\/p>\n\n\n\n<p>&#8211; ROY, Alexandre (Inalco) \u00ab\u00a0Les r\u00e9seaux sino-japonais du charbon (1905-1920) : entre convergence et concurrence\u00a0\u00bb<\/p>\n\n\n\n<p><strong>Contact<\/strong> : Alexandre ROY, <a rel=\"noreferrer noopener\" href=\"mailto:alexandre.roy@inalco.fr\" target=\"_blank\">alexandre.roy@inalco.fr<\/a><\/p>\n\n\n<div class=\"wp-block-image\">\n<figure class=\"aligncenter size-large is-resized\"><img loading=\"lazy\" decoding=\"async\" src=\"http:\/\/sfej.asso.fr\/wp-content\/uploads\/2023\/04\/140423-728x1024.jpg\" alt=\"\" class=\"wp-image-4769\" width=\"546\" height=\"768\" srcset=\"http:\/\/sfej.asso.fr\/wp-content\/uploads\/2023\/04\/140423-728x1024.jpg 728w, http:\/\/sfej.asso.fr\/wp-content\/uploads\/2023\/04\/140423-213x300.jpg 213w, http:\/\/sfej.asso.fr\/wp-content\/uploads\/2023\/04\/140423-768x1081.jpg 768w, http:\/\/sfej.asso.fr\/wp-content\/uploads\/2023\/04\/140423-1091x1536.jpg 1091w, http:\/\/sfej.asso.fr\/wp-content\/uploads\/2023\/04\/140423-192x270.jpg 192w, http:\/\/sfej.asso.fr\/wp-content\/uploads\/2023\/04\/140423.jpg 1286w\" sizes=\"auto, (max-width: 546px) 100vw, 546px\" \/><\/figure>\n<\/div>","protected":false},"excerpt":{"rendered":"<p>L&rsquo;IFRAE organise une journ\u00e9e d&rsquo;\u00e9tudes intitul\u00e9e : \u00ab\u00a0Les r\u00e9seaux intra-asiatiques dans la formation de l&rsquo;Asie orientale 1800-2000\u00a0\u00bbVendredi 14 avril 2023, de 14h \u00e0 18hSalon Borel, Maison de la Recherche de l&rsquo;Inalco, 2 rue de Lille, Paris Programme &#8211; L&rsquo;H\u00c9RISSON, Edouard&hellip;&nbsp;<a href=\"http:\/\/sfej.asso.fr\/?p=4761\" class=\"more-link\">Lire la suite<\/a><\/p>\n","protected":false},"author":3,"featured_media":0,"comment_status":"closed","ping_status":"closed","sticky":false,"template":"","format":"standard","meta":{"_EventAllDay":false,"_EventTimezone":"","_EventStartDate":"","_EventEndDate":"","_EventStartDateUTC":"","_EventEndDateUTC":"","_EventShowMap":false,"_EventShowMapLink":false,"_EventURL":"","_EventCost":"","_EventCostDescription":"","_EventCurrencySymbol":"","_EventCurrencyCode":"","_EventCurrencyPosition":"","_EventDateTimeSeparator":"","_EventTimeRangeSeparator":"","_EventOrganizerID":[],"_EventVenueID":[],"_OrganizerEmail":"","_OrganizerPhone":"","_OrganizerWebsite":"","_VenueAddress":"","_VenueCity":"","_VenueCountry":"","_VenueProvince":"","_VenueState":"","_VenueZip":"","_VenuePhone":"","_VenueURL":"","_VenueStateProvince":"","_VenueLat":"","_VenueLng":"","_VenueShowMap":false,"_VenueShowMapLink":false,"footnotes":""},"categories":[28,30],"tags":[],"class_list":["post-4761","post","type-post","status-publish","format-standard","hentry","category-actualites","category-colloque"],"_links":{"self":[{"href":"http:\/\/sfej.asso.fr\/index.php?rest_route=\/wp\/v2\/posts\/4761","targetHints":{"allow":["GET"]}}],"collection":[{"href":"http:\/\/sfej.asso.fr\/index.php?rest_route=\/wp\/v2\/posts"}],"about":[{"href":"http:\/\/sfej.asso.fr\/index.php?rest_route=\/wp\/v2\/types\/post"}],"author":[{"embeddable":true,"href":"http:\/\/sfej.asso.fr\/index.php?rest_route=\/wp\/v2\/users\/3"}],"replies":[{"embeddable":true,"href":"http:\/\/sfej.asso.fr\/index.php?rest_route=%2Fwp%2Fv2%2Fcomments&post=4761"}],"version-history":[{"count":3,"href":"http:\/\/sfej.asso.fr\/index.php?rest_route=\/wp\/v2\/posts\/4761\/revisions"}],"predecessor-version":[{"id":4770,"href":"http:\/\/sfej.asso.fr\/index.php?rest_route=\/wp\/v2\/posts\/4761\/revisions\/4770"}],"wp:attachment":[{"href":"http:\/\/sfej.asso.fr\/index.php?rest_route=%2Fwp%2Fv2%2Fmedia&parent=4761"}],"wp:term":[{"taxonomy":"category","embeddable":true,"href":"http:\/\/sfej.asso.fr\/index.php?rest_route=%2Fwp%2Fv2%2Fcategories&post=4761"},{"taxonomy":"post_tag","embeddable":true,"href":"http:\/\/sfej.asso.fr\/index.php?rest_route=%2Fwp%2Fv2%2Ftags&post=4761"}],"curies":[{"name":"wp","href":"https:\/\/api.w.org\/{rel}","templated":true}]}}