{"id":4771,"date":"2023-04-14T11:26:44","date_gmt":"2023-04-14T09:26:44","guid":{"rendered":"http:\/\/sfej.asso.fr\/?p=4771"},"modified":"2023-04-14T11:26:44","modified_gmt":"2023-04-14T09:26:44","slug":"conferenceold-teachers-in-a-new-world-the-japanese-empire-and-the-intelligentsia-of-north-korea-mercredi-19-avril-2023-15h30-18h30","status":"publish","type":"post","link":"http:\/\/sfej.asso.fr\/?p=4771","title":{"rendered":"[Conf\u00e9rence]\u00a0\u00bbOld Teachers in a New World: The Japanese Empire and the intelligentsia of North Korea\u00a0\u00bb (mercredi 19 avril 2023, 15h30-18h30)"},"content":{"rendered":"\n<p>La septi\u00e8me s\u00e9ance intitul\u00e9e \u00ab\u00a0<strong>Old Teachers in a New World: The Japanese Empire and the intelligentsia of North Korea<\/strong> \u00bb et anim\u00e9e par <strong>Ria Roy (<\/strong>Universit\u00e9 de Cambridge) se d\u00e9roulera en\u00a0salle 281F\u00a0du\u00a0B\u00e2timent Halle aux Farines d&rsquo;Universit\u00e9 Paris Cit\u00e9 (2e \u00e9tage, escalier F, 10 rue Fran\u00e7oise Dolto, 75013 Paris, m\u00e9tro Biblioth\u00e8que Fran\u00e7ois Mitterrand)\u00a0<strong>le mercredi 19 avril 2023 de 15h30 \u00e0 18h30.<\/strong>\u00a0<\/p>\n\n\n\n<p><a href=\"https:\/\/www.crcao.fr\/2022\/10\/10\/1418\/\" target=\"_blank\" rel=\"noreferrer noopener\">https:\/\/www.crcao.fr\/2022\/10\/10\/1418\/<\/a><\/p>\n\n\n\n<p>Le lien d\u2019acc\u00e8s \u00e0 l\u2019extrait du corpus de sources qui sera discut\u00e9 par l\u2019intervenante est disponible sur demande.<\/p>\n\n\n\n<p><strong>Organisateurs<\/strong> : Ken Daimaru, Alain Delissen et Victor Louzon.<\/p>\n","protected":false},"excerpt":{"rendered":"<p>La septi\u00e8me s\u00e9ance intitul\u00e9e \u00ab\u00a0Old Teachers in a New World: The Japanese Empire and the intelligentsia of North Korea \u00bb et anim\u00e9e par Ria Roy (Universit\u00e9 de Cambridge) se d\u00e9roulera en\u00a0salle 281F\u00a0du\u00a0B\u00e2timent Halle aux Farines d&rsquo;Universit\u00e9 Paris Cit\u00e9 (2e \u00e9tage,&hellip;&nbsp;<a href=\"http:\/\/sfej.asso.fr\/?p=4771\" class=\"more-link\">Lire la suite<\/a><\/p>\n","protected":false},"author":3,"featured_media":0,"comment_status":"closed","ping_status":"closed","sticky":false,"template":"","format":"standard","meta":{"_EventAllDay":false,"_EventTimezone":"","_EventStartDate":"","_EventEndDate":"","_EventStartDateUTC":"","_EventEndDateUTC":"","_EventShowMap":false,"_EventShowMapLink":false,"_EventURL":"","_EventCost":"","_EventCostDescription":"","_EventCurrencySymbol":"","_EventCurrencyCode":"","_EventCurrencyPosition":"","_EventDateTimeSeparator":"","_EventTimeRangeSeparator":"","_EventOrganizerID":[],"_EventVenueID":[],"_OrganizerEmail":"","_OrganizerPhone":"","_OrganizerWebsite":"","_VenueAddress":"","_VenueCity":"","_VenueCountry":"","_VenueProvince":"","_VenueState":"","_VenueZip":"","_VenuePhone":"","_VenueURL":"","_VenueStateProvince":"","_VenueLat":"","_VenueLng":"","_VenueShowMap":false,"_VenueShowMapLink":false,"footnotes":""},"categories":[28,31],"tags":[],"class_list":["post-4771","post","type-post","status-publish","format-standard","hentry","category-actualites","category-conference"],"_links":{"self":[{"href":"http:\/\/sfej.asso.fr\/index.php?rest_route=\/wp\/v2\/posts\/4771","targetHints":{"allow":["GET"]}}],"collection":[{"href":"http:\/\/sfej.asso.fr\/index.php?rest_route=\/wp\/v2\/posts"}],"about":[{"href":"http:\/\/sfej.asso.fr\/index.php?rest_route=\/wp\/v2\/types\/post"}],"author":[{"embeddable":true,"href":"http:\/\/sfej.asso.fr\/index.php?rest_route=\/wp\/v2\/users\/3"}],"replies":[{"embeddable":true,"href":"http:\/\/sfej.asso.fr\/index.php?rest_route=%2Fwp%2Fv2%2Fcomments&post=4771"}],"version-history":[{"count":1,"href":"http:\/\/sfej.asso.fr\/index.php?rest_route=\/wp\/v2\/posts\/4771\/revisions"}],"predecessor-version":[{"id":4772,"href":"http:\/\/sfej.asso.fr\/index.php?rest_route=\/wp\/v2\/posts\/4771\/revisions\/4772"}],"wp:attachment":[{"href":"http:\/\/sfej.asso.fr\/index.php?rest_route=%2Fwp%2Fv2%2Fmedia&parent=4771"}],"wp:term":[{"taxonomy":"category","embeddable":true,"href":"http:\/\/sfej.asso.fr\/index.php?rest_route=%2Fwp%2Fv2%2Fcategories&post=4771"},{"taxonomy":"post_tag","embeddable":true,"href":"http:\/\/sfej.asso.fr\/index.php?rest_route=%2Fwp%2Fv2%2Ftags&post=4771"}],"curies":[{"name":"wp","href":"https:\/\/api.w.org\/{rel}","templated":true}]}}