{"id":4961,"date":"2023-06-02T14:49:45","date_gmt":"2023-06-02T12:49:45","guid":{"rendered":"http:\/\/sfej.asso.fr\/?p=4961"},"modified":"2023-06-02T14:50:57","modified_gmt":"2023-06-02T12:50:57","slug":"recrutement-ater-annee-2023-24-universite-toulouse-2-limite-4-juillet-2023","status":"publish","type":"post","link":"http:\/\/sfej.asso.fr\/?p=4961","title":{"rendered":"[Recrutement] ATER ann\u00e9e 2023\/24 Universit\u00e9 Toulouse 2 &#8211; Jean Jaur\u00e8s (limite 4 juillet 2023)"},"content":{"rendered":"\n<p>La section de japonais de l\u2019Universit\u00e9 Toulouse 2 &#8211; Jean Jaur\u00e8s recrute un ATER pour l&rsquo;ann\u00e9e 2023-2024 (pour une prise de poste d\u00e9but septembre) : <strong><em><a rel=\"noreferrer noopener\" href=\"https:\/\/www.univ-tlse2.fr\/accueil\/recrutement\/emplois-enseignants\/recrutement-attaches-temporaires-denseignement-et-de-recherche-campagne-2023\" data-type=\"URL\" data-id=\"https:\/\/www.univ-tlse2.fr\/accueil\/recrutement\/emplois-enseignants\/recrutement-attaches-temporaires-denseignement-et-de-recherche-campagne-2023\" target=\"_blank\">clique<\/a><a href=\"https:\/\/www.univ-tlse2.fr\/accueil\/recrutement\/emplois-enseignants\/recrutement-attaches-temporaires-denseignement-et-de-recherche-campagne-2023\" data-type=\"URL\" data-id=\"https:\/\/www.univ-tlse2.fr\/accueil\/recrutement\/emplois-enseignants\/recrutement-attaches-temporaires-denseignement-et-de-recherche-campagne-2023\" target=\"_blank\" rel=\"noreferrer noopener\">z<\/a><a rel=\"noreferrer noopener\" href=\"https:\/\/www.univ-tlse2.fr\/accueil\/recrutement\/emplois-enseignants\/recrutement-attaches-temporaires-denseignement-et-de-recherche-campagne-2023\" data-type=\"URL\" data-id=\"https:\/\/www.univ-tlse2.fr\/accueil\/recrutement\/emplois-enseignants\/recrutement-attaches-temporaires-denseignement-et-de-recherche-campagne-2023\" target=\"_blank\"> sur ce lien pour acc\u00e9der \u00e0 la description du poste. <\/a><\/em><\/strong><\/p>\n\n\n\n<p>Pour candidater, vous devez :<br>1\/ Enregistrer votre candidature sur Galaxie-Alta\u00efr <strong><span style=\"text-decoration: underline;\">du 2 juin au 3 juillet 2023, 16h.<\/span><\/strong><\/p>\n\n\n\n<p>2\/ Envoyer votre dossier complet (1 seul PDF) <strong><span style=\"text-decoration: underline;\">au plus tard le 4 juillet 2023<\/span><\/strong> par mail \u00e0 l\u2019adresse :\u00a0<a href=\"mailto:esupdematater@univ-tlse2.fr\" target=\"_blank\" rel=\"noreferrer noopener\">esupdematater@univ-tlse2.fr<\/a><\/p>\n\n\n\n<p>Contact : Laetitia Ferrer\u00a0<a href=\"mailto:esupdematater@univ-tlse2.fr\" target=\"_blank\" rel=\"noreferrer noopener\">esupdematater@univ-tlse2.fr<\/a><\/p>\n","protected":false},"excerpt":{"rendered":"<p>La section de japonais de l\u2019Universit\u00e9 Toulouse 2 &#8211; Jean Jaur\u00e8s recrute un ATER pour l&rsquo;ann\u00e9e 2023-2024 (pour une prise de poste d\u00e9but septembre) : cliquez sur ce lien pour acc\u00e9der \u00e0 la description du poste. Pour candidater, vous devez&hellip;&nbsp;<a href=\"http:\/\/sfej.asso.fr\/?p=4961\" class=\"more-link\">Lire la suite<\/a><\/p>\n","protected":false},"author":3,"featured_media":0,"comment_status":"closed","ping_status":"closed","sticky":false,"template":"","format":"standard","meta":{"_EventAllDay":false,"_EventTimezone":"","_EventStartDate":"","_EventEndDate":"","_EventStartDateUTC":"","_EventEndDateUTC":"","_EventShowMap":false,"_EventShowMapLink":false,"_EventURL":"","_EventCost":"","_EventCostDescription":"","_EventCurrencySymbol":"","_EventCurrencyCode":"","_EventCurrencyPosition":"","_EventDateTimeSeparator":"","_EventTimeRangeSeparator":"","_EventOrganizerID":[],"_EventVenueID":[],"_OrganizerEmail":"","_OrganizerPhone":"","_OrganizerWebsite":"","_VenueAddress":"","_VenueCity":"","_VenueCountry":"","_VenueProvince":"","_VenueState":"","_VenueZip":"","_VenuePhone":"","_VenueURL":"","_VenueStateProvince":"","_VenueLat":"","_VenueLng":"","_VenueShowMap":false,"_VenueShowMapLink":false,"footnotes":""},"categories":[28,33],"tags":[],"class_list":["post-4961","post","type-post","status-publish","format-standard","hentry","category-actualites","category-poste"],"_links":{"self":[{"href":"http:\/\/sfej.asso.fr\/index.php?rest_route=\/wp\/v2\/posts\/4961","targetHints":{"allow":["GET"]}}],"collection":[{"href":"http:\/\/sfej.asso.fr\/index.php?rest_route=\/wp\/v2\/posts"}],"about":[{"href":"http:\/\/sfej.asso.fr\/index.php?rest_route=\/wp\/v2\/types\/post"}],"author":[{"embeddable":true,"href":"http:\/\/sfej.asso.fr\/index.php?rest_route=\/wp\/v2\/users\/3"}],"replies":[{"embeddable":true,"href":"http:\/\/sfej.asso.fr\/index.php?rest_route=%2Fwp%2Fv2%2Fcomments&post=4961"}],"version-history":[{"count":2,"href":"http:\/\/sfej.asso.fr\/index.php?rest_route=\/wp\/v2\/posts\/4961\/revisions"}],"predecessor-version":[{"id":4963,"href":"http:\/\/sfej.asso.fr\/index.php?rest_route=\/wp\/v2\/posts\/4961\/revisions\/4963"}],"wp:attachment":[{"href":"http:\/\/sfej.asso.fr\/index.php?rest_route=%2Fwp%2Fv2%2Fmedia&parent=4961"}],"wp:term":[{"taxonomy":"category","embeddable":true,"href":"http:\/\/sfej.asso.fr\/index.php?rest_route=%2Fwp%2Fv2%2Fcategories&post=4961"},{"taxonomy":"post_tag","embeddable":true,"href":"http:\/\/sfej.asso.fr\/index.php?rest_route=%2Fwp%2Fv2%2Ftags&post=4961"}],"curies":[{"name":"wp","href":"https:\/\/api.w.org\/{rel}","templated":true}]}}