{"id":4965,"date":"2023-06-02T21:00:09","date_gmt":"2023-06-02T19:00:09","guid":{"rendered":"http:\/\/sfej.asso.fr\/?p=4965"},"modified":"2023-06-02T21:00:10","modified_gmt":"2023-06-02T19:00:10","slug":"newsletter-carnet-hypothese-de-la-sfej","status":"publish","type":"post","link":"http:\/\/sfej.asso.fr\/?p=4965","title":{"rendered":"[Newsletter \/ Carnet Hypoth\u00e8se de la SFEJ]"},"content":{"rendered":"\n<p>Deux fois l\u2019an, au mois de mai et au mois de novembre, nous communiquerons par le biais de cette newsletter les diff\u00e9rentes publications qui ont \u00e9t\u00e9 effectu\u00e9es sur le carnet Hypoth\u00e8se de la SFEJ, <a href=\"https:\/\/sfej.hypotheses.org\/\" target=\"_blank\" rel=\"noreferrer noopener\">Japon(s)<\/a>.<\/p>\n\n\n\n<p>D\u00e8s sa cr\u00e9ation en 2016, nous avons voulu faire de ce carnet un des lieux privil\u00e9gi\u00e9s du suivi et de la diffusion de la recherche en \u00e9tudes japonaises. Pour ce faire, nous y publions des <a href=\"https:\/\/sfej.hypotheses.org\/category\/articles-de-recherche\" target=\"_blank\" rel=\"noreferrer noopener\">articles de recherche<\/a>, de <a href=\"https:\/\/sfej.hypotheses.org\/category\/societe-et-debats\" target=\"_blank\" rel=\"noreferrer noopener\">d\u00e9bat<\/a> et sur l\u2019actualit\u00e9, des <a href=\"https:\/\/sfej.hypotheses.org\/category\/parutions\/comptes-rendus-de-lectures\" target=\"_blank\" rel=\"noreferrer noopener\">comptes rendus de lecture<\/a> et de <a href=\"https:\/\/sfej.hypotheses.org\/category\/comptes-rendus-de-manifestations\" target=\"_blank\" rel=\"noreferrer noopener\">manifestations<\/a> (conf\u00e9rences, colloques, expositions), ainsi que les captations du <a href=\"https:\/\/sfej.hypotheses.org\/category\/videos-du-seminaire-itinerant\">s\u00e9minaire itin\u00e9rant de la SFEJ<\/a> et le podcast le <a href=\"https:\/\/sfej.hypotheses.org\/category\/podcast-le-japon-en-perspective\" target=\"_blank\" rel=\"noreferrer noopener\">Japon en perspective<\/a>.<\/p>\n\n\n\n<p>Nous y diffusons \u00e9galement des outils d\u2019aide \u00e0 la recherche, par exemple sous la forme des <a href=\"https:\/\/sfej.hypotheses.org\/category\/bibliographies\" target=\"_blank\" rel=\"noreferrer noopener\">bibliographies th\u00e9matiques<\/a> que produit r\u00e9guli\u00e8rement la SFEJ.<\/p>\n\n\n\n<p>Afin d\u2019assurer la qualit\u00e9 scientifique des contenus publi\u00e9s, chaque article est soumis \u00e0 une \u00e9valuation en aveugle.<\/p>\n\n\n\n<p>Aussi nous vous engageons vivement \u00e0 nous communiquer vos propositions de publication \u00e0 l\u2019adresse suivante : <a href=\"mailto:japons.pluriels@gmail.com\" target=\"_blank\" rel=\"noreferrer noopener\">japons.pluriels@gmail.com<\/a><\/p>\n\n\n\n<p>Afin de conna\u00eetre les formats attendus, vous pouvez vous r\u00e9f\u00e9rer aux conditions de soumission : <a href=\"https:\/\/sfej.hypotheses.org\/category\/conditions-de-soumission\" target=\"_blank\" rel=\"noreferrer noopener\">https:\/\/sfej.hypotheses.org\/category\/conditions-de-soumission<\/a><\/p>\n\n\n\n<p>S\u2019agissant de la premi\u00e8re newsletter, celle-ci couvre les publications de l\u2019ann\u00e9e pass\u00e9e, soit de mai 2022 \u00e0 mai 2023.<\/p>\n\n\n\n<p>Alice Berthon, Arthur Mitteau et Gr\u00e9goire Sastre pour le comit\u00e9 de r\u00e9daction de Japon(s)<\/p>\n\n\n\n<p><strong><em><a href=\"http:\/\/sfej.asso.fr\/wp-content\/uploads\/2023\/06\/Newsletter-Japons-05_2022_05_2023.pdf\" data-type=\"URL\" data-id=\"http:\/\/sfej.asso.fr\/wp-content\/uploads\/2023\/06\/Newsletter-Japons-05_2022_05_2023.pdf\" target=\"_blank\" rel=\"noreferrer noopener\">Newsletter N\u00b01 \u00e0 t\u00e9l\u00e9charger sur ce lien.<\/a><\/em><\/strong><\/p>\n","protected":false},"excerpt":{"rendered":"<p>Deux fois l\u2019an, au mois de mai et au mois de novembre, nous communiquerons par le biais de cette newsletter les diff\u00e9rentes publications qui ont \u00e9t\u00e9 effectu\u00e9es sur le carnet Hypoth\u00e8se de la SFEJ, Japon(s). D\u00e8s sa cr\u00e9ation en 2016,&hellip;&nbsp;<a href=\"http:\/\/sfej.asso.fr\/?p=4965\" class=\"more-link\">Lire la suite<\/a><\/p>\n","protected":false},"author":3,"featured_media":0,"comment_status":"closed","ping_status":"closed","sticky":false,"template":"","format":"standard","meta":{"_EventAllDay":false,"_EventTimezone":"","_EventStartDate":"","_EventEndDate":"","_EventStartDateUTC":"","_EventEndDateUTC":"","_EventShowMap":false,"_EventShowMapLink":false,"_EventURL":"","_EventCost":"","_EventCostDescription":"","_EventCurrencySymbol":"","_EventCurrencyCode":"","_EventCurrencyPosition":"","_EventDateTimeSeparator":"","_EventTimeRangeSeparator":"","_EventOrganizerID":[],"_EventVenueID":[],"_OrganizerEmail":"","_OrganizerPhone":"","_OrganizerWebsite":"","_VenueAddress":"","_VenueCity":"","_VenueCountry":"","_VenueProvince":"","_VenueState":"","_VenueZip":"","_VenuePhone":"","_VenueURL":"","_VenueStateProvince":"","_VenueLat":"","_VenueLng":"","_VenueShowMap":false,"_VenueShowMapLink":false,"footnotes":""},"categories":[28,2,12],"tags":[],"class_list":["post-4965","post","type-post","status-publish","format-standard","hentry","category-actualites","category-publications","category-sfej"],"_links":{"self":[{"href":"http:\/\/sfej.asso.fr\/index.php?rest_route=\/wp\/v2\/posts\/4965","targetHints":{"allow":["GET"]}}],"collection":[{"href":"http:\/\/sfej.asso.fr\/index.php?rest_route=\/wp\/v2\/posts"}],"about":[{"href":"http:\/\/sfej.asso.fr\/index.php?rest_route=\/wp\/v2\/types\/post"}],"author":[{"embeddable":true,"href":"http:\/\/sfej.asso.fr\/index.php?rest_route=\/wp\/v2\/users\/3"}],"replies":[{"embeddable":true,"href":"http:\/\/sfej.asso.fr\/index.php?rest_route=%2Fwp%2Fv2%2Fcomments&post=4965"}],"version-history":[{"count":2,"href":"http:\/\/sfej.asso.fr\/index.php?rest_route=\/wp\/v2\/posts\/4965\/revisions"}],"predecessor-version":[{"id":4969,"href":"http:\/\/sfej.asso.fr\/index.php?rest_route=\/wp\/v2\/posts\/4965\/revisions\/4969"}],"wp:attachment":[{"href":"http:\/\/sfej.asso.fr\/index.php?rest_route=%2Fwp%2Fv2%2Fmedia&parent=4965"}],"wp:term":[{"taxonomy":"category","embeddable":true,"href":"http:\/\/sfej.asso.fr\/index.php?rest_route=%2Fwp%2Fv2%2Fcategories&post=4965"},{"taxonomy":"post_tag","embeddable":true,"href":"http:\/\/sfej.asso.fr\/index.php?rest_route=%2Fwp%2Fv2%2Ftags&post=4965"}],"curies":[{"name":"wp","href":"https:\/\/api.w.org\/{rel}","templated":true}]}}