{"id":4983,"date":"2023-06-06T08:27:16","date_gmt":"2023-06-06T06:27:16","guid":{"rendered":"http:\/\/sfej.asso.fr\/?p=4983"},"modified":"2023-06-06T08:27:16","modified_gmt":"2023-06-06T06:27:16","slug":"conferenceles-masculinites-au-japon-mcjp-1er-juillet-2023-14h","status":"publish","type":"post","link":"http:\/\/sfej.asso.fr\/?p=4983","title":{"rendered":"[Conf\u00e9rence]\u00a0\u00bbLes masculinit\u00e9s au Japon\u00a0\u00bb (MCJP, 1er juillet 2023, 14h)"},"content":{"rendered":"\n<p>La Maison de la culture du Japon \u00e0 Paris (<a href=\"https:\/\/www.mcjp.fr\/\" data-type=\"URL\" data-id=\"https:\/\/www.mcjp.fr\/\" target=\"_blank\" rel=\"noreferrer noopener\">MCJP<\/a>) organise une conf\u00e9rence sur le th\u00e8me \u00ab\u00a0masculinit\u00e9\u00a0\u00bb au Japon le <strong>samedi 1er juillet 2023 \u00e0 14h00<\/strong> (en pr\u00e9sentiel et en ligne).\u00a0<\/p>\n\n\n\n<p><a href=\"https:\/\/www.mcjp.fr\/fr\/la-mcjp\/actualites\/les-masculinites-au-japon\" target=\"_blank\" rel=\"noreferrer noopener\">Les masculinit\u00e9s au Japon &#8211; Maison de la culture du Japon \u00e0 Paris (mcjp.fr)<\/a><\/p>\n\n\n\n<p><strong>Langue<\/strong> : en fran\u00e7ais et en japonais avec traduction cons\u00e9cutive\u00a0<\/p>\n\n\n\n<p><strong>Dur\u00e9e<\/strong> : 2h\u00a0<\/p>\n\n\n\n<p>Entr\u00e9e libre sur r\u00e9servation&nbsp;<a href=\"https:\/\/mcj.shop.secutix.com\/selection\/event\/date?productId=10228883536823&amp;gtmStepTracking=true\" target=\"_blank\" rel=\"noreferrer noopener\">Choix des places [Maison de la culture du Japon \u00e0 Paris | 01.07.2023 &#8211; 14:00 | Les masculinit\u00e9s au Japon] &#8211; Maison de la culture du Japon \u00e0 Paris (secutix.com)<\/a><\/p>\n\n\n\n<p><strong>&nbsp;<\/strong>Le terme \u00abmasculinit\u00e9\u00bb au Japon vous \u00e9voque peut-\u00eatre le samoura\u00ef de l\u2019\u00e9poque pr\u00e9-moderne ou le salari\u00e9 bourreau de travail de l\u2019apr\u00e8s-guerre. Ces images montrent que la masculinit\u00e9 japonaise est souvent associ\u00e9e \u00e0 une forme de machisme. Mais s\u2019int\u00e9resser \u00e0 l\u2019histoire du Japon permet de constater que les femmes n\u2019ont pas toujours eu un statut inf\u00e9rieur \u00e0 leurs homologues masculins. Au contraire, leurs positions respectives ont vari\u00e9 selon les \u00e9poques jusqu\u2019\u00e0 aujourd\u2019hui o\u00f9 la mentalit\u00e9 des hommes japonais tend encore \u00e0 \u00e9voluer. La masculinit\u00e9 japonaise est ainsi plurielle et rev\u00eat diff\u00e9rentes formes.&nbsp;<strong>Futoshi Taga<\/strong>, professeur \u00e0 l\u2019universit\u00e9 du Kansai, sp\u00e9cialiste du genre et des masculinit\u00e9s, et&nbsp;<strong>Laura Merla<\/strong>, professeure de sociologie \u00e0 l\u2019Universit\u00e9 catholique de Louvain, feront un \u00e9tat des lieux des masculinit\u00e9s pass\u00e9es et pr\u00e9sentes sur l\u2019archipel japonais.&nbsp;<\/p>\n","protected":false},"excerpt":{"rendered":"<p>La Maison de la culture du Japon \u00e0 Paris (MCJP) organise une conf\u00e9rence sur le th\u00e8me \u00ab\u00a0masculinit\u00e9\u00a0\u00bb au Japon le samedi 1er juillet 2023 \u00e0 14h00 (en pr\u00e9sentiel et en ligne).\u00a0 Les masculinit\u00e9s au Japon &#8211; Maison de la culture&hellip;&nbsp;<a href=\"http:\/\/sfej.asso.fr\/?p=4983\" class=\"more-link\">Lire la suite<\/a><\/p>\n","protected":false},"author":3,"featured_media":0,"comment_status":"closed","ping_status":"closed","sticky":false,"template":"","format":"standard","meta":{"_EventAllDay":false,"_EventTimezone":"","_EventStartDate":"","_EventEndDate":"","_EventStartDateUTC":"","_EventEndDateUTC":"","_EventShowMap":false,"_EventShowMapLink":false,"_EventURL":"","_EventCost":"","_EventCostDescription":"","_EventCurrencySymbol":"","_EventCurrencyCode":"","_EventCurrencyPosition":"","_EventDateTimeSeparator":"","_EventTimeRangeSeparator":"","_EventOrganizerID":[],"_EventVenueID":[],"_OrganizerEmail":"","_OrganizerPhone":"","_OrganizerWebsite":"","_VenueAddress":"","_VenueCity":"","_VenueCountry":"","_VenueProvince":"","_VenueState":"","_VenueZip":"","_VenuePhone":"","_VenueURL":"","_VenueStateProvince":"","_VenueLat":"","_VenueLng":"","_VenueShowMap":false,"_VenueShowMapLink":false,"footnotes":""},"categories":[28,31],"tags":[],"class_list":["post-4983","post","type-post","status-publish","format-standard","hentry","category-actualites","category-conference"],"_links":{"self":[{"href":"http:\/\/sfej.asso.fr\/index.php?rest_route=\/wp\/v2\/posts\/4983","targetHints":{"allow":["GET"]}}],"collection":[{"href":"http:\/\/sfej.asso.fr\/index.php?rest_route=\/wp\/v2\/posts"}],"about":[{"href":"http:\/\/sfej.asso.fr\/index.php?rest_route=\/wp\/v2\/types\/post"}],"author":[{"embeddable":true,"href":"http:\/\/sfej.asso.fr\/index.php?rest_route=\/wp\/v2\/users\/3"}],"replies":[{"embeddable":true,"href":"http:\/\/sfej.asso.fr\/index.php?rest_route=%2Fwp%2Fv2%2Fcomments&post=4983"}],"version-history":[{"count":1,"href":"http:\/\/sfej.asso.fr\/index.php?rest_route=\/wp\/v2\/posts\/4983\/revisions"}],"predecessor-version":[{"id":4984,"href":"http:\/\/sfej.asso.fr\/index.php?rest_route=\/wp\/v2\/posts\/4983\/revisions\/4984"}],"wp:attachment":[{"href":"http:\/\/sfej.asso.fr\/index.php?rest_route=%2Fwp%2Fv2%2Fmedia&parent=4983"}],"wp:term":[{"taxonomy":"category","embeddable":true,"href":"http:\/\/sfej.asso.fr\/index.php?rest_route=%2Fwp%2Fv2%2Fcategories&post=4983"},{"taxonomy":"post_tag","embeddable":true,"href":"http:\/\/sfej.asso.fr\/index.php?rest_route=%2Fwp%2Fv2%2Ftags&post=4983"}],"curies":[{"name":"wp","href":"https:\/\/api.w.org\/{rel}","templated":true}]}}