{"id":4987,"date":"2023-06-06T15:41:48","date_gmt":"2023-06-06T13:41:48","guid":{"rendered":"http:\/\/sfej.asso.fr\/?p=4987"},"modified":"2023-06-06T15:42:43","modified_gmt":"2023-06-06T13:42:43","slug":"journee-detudefascinations-reciproques-echanges-artistiques-entre-lasie-de-lest-et-loccident-dhier-et-daujourdhui-fin-du-xixe-debut-du-xxe-30-juin-2023-10h-18h","status":"publish","type":"post","link":"http:\/\/sfej.asso.fr\/?p=4987","title":{"rendered":"[Journ\u00e9e d&rsquo;\u00e9tude]\u00a0\u00bbFascinations r\u00e9ciproques &#8211; \u00c9changes artistiques entre l&rsquo;Asie de l&rsquo;Est et l&rsquo;Occident, d&rsquo;hier et d&rsquo;aujourd&rsquo;hui (fin du XIXe-d\u00e9but du XXe si\u00e8cle) 30 juin 2023&Prime;, 10h-18h"},"content":{"rendered":"\n<p>Journ\u00e9e d&rsquo;\u00e9tude co-organis\u00e9e par le CRCAO et l&rsquo;EFEO, avec le soutien de l&rsquo;IRHiS-Universit\u00e9 de Lille et de Sciencescope Japon : <\/p>\n\n\n\n<h3 class=\"wp-block-heading has-text-align-center\">Fascinations r\u00e9ciproques<br>\u00c9changes artistiques entre l&rsquo;Asie de l&rsquo;Est et l&rsquo;Occident, d&rsquo;hier et d&rsquo;aujourd&rsquo;hui <br>(fin du XIXe-d\u00e9but du XXe si\u00e8cle)<br>Vendredi 30 juin 2023, de 9h45h \u00e0 18h30<br>\u00c9cole fran\u00e7aise d&rsquo;Extr\u00eame-Orient (EFEO), salle de conf\u00e9rence<br>22 avenue du pr\u00e9sident Wilson, 75116 Paris<\/h3>\n\n\n\n<p class=\"has-text-align-left\"><strong><em><a href=\"http:\/\/sfej.asso.fr\/wp-content\/uploads\/2023\/06\/PROGRAMME-EFEO-30-JUIN-2023.pdf\" data-type=\"URL\" data-id=\"http:\/\/sfej.asso.fr\/wp-content\/uploads\/2023\/06\/PROGRAMME-EFEO-30-JUIN-2023.pdf\" target=\"_blank\" rel=\"noreferrer noopener\">Programme complet \u00e0 t\u00e9l\u00e9charger sur ce lien. <\/a><\/em><\/strong><br><\/p>\n\n\n\n<hr class=\"wp-block-separator has-alpha-channel-opacity\"\/>\n\n\n<div class=\"wp-block-image\">\n<figure class=\"aligncenter size-large is-resized\"><img loading=\"lazy\" decoding=\"async\" src=\"http:\/\/sfej.asso.fr\/wp-content\/uploads\/2023\/06\/EFEO300623-723x1024.jpg\" alt=\"\" class=\"wp-image-4988\" width=\"542\" height=\"768\" srcset=\"http:\/\/sfej.asso.fr\/wp-content\/uploads\/2023\/06\/EFEO300623-723x1024.jpg 723w, http:\/\/sfej.asso.fr\/wp-content\/uploads\/2023\/06\/EFEO300623-212x300.jpg 212w, http:\/\/sfej.asso.fr\/wp-content\/uploads\/2023\/06\/EFEO300623-768x1087.jpg 768w, http:\/\/sfej.asso.fr\/wp-content\/uploads\/2023\/06\/EFEO300623-191x270.jpg 191w, http:\/\/sfej.asso.fr\/wp-content\/uploads\/2023\/06\/EFEO300623.jpg 852w\" sizes=\"auto, (max-width: 542px) 100vw, 542px\" \/><\/figure>\n<\/div>","protected":false},"excerpt":{"rendered":"<p>Journ\u00e9e d&rsquo;\u00e9tude co-organis\u00e9e par le CRCAO et l&rsquo;EFEO, avec le soutien de l&rsquo;IRHiS-Universit\u00e9 de Lille et de Sciencescope Japon : Fascinations r\u00e9ciproques\u00c9changes artistiques entre l&rsquo;Asie de l&rsquo;Est et l&rsquo;Occident, d&rsquo;hier et d&rsquo;aujourd&rsquo;hui (fin du XIXe-d\u00e9but du XXe si\u00e8cle)Vendredi 30 juin&hellip;&nbsp;<a href=\"http:\/\/sfej.asso.fr\/?p=4987\" class=\"more-link\">Lire la suite<\/a><\/p>\n","protected":false},"author":3,"featured_media":0,"comment_status":"closed","ping_status":"closed","sticky":false,"template":"","format":"standard","meta":{"_EventAllDay":false,"_EventTimezone":"","_EventStartDate":"","_EventEndDate":"","_EventStartDateUTC":"","_EventEndDateUTC":"","_EventShowMap":false,"_EventShowMapLink":false,"_EventURL":"","_EventCost":"","_EventCostDescription":"","_EventCurrencySymbol":"","_EventCurrencyCode":"","_EventCurrencyPosition":"","_EventDateTimeSeparator":"","_EventTimeRangeSeparator":"","_EventOrganizerID":[],"_EventVenueID":[],"_OrganizerEmail":"","_OrganizerPhone":"","_OrganizerWebsite":"","_VenueAddress":"","_VenueCity":"","_VenueCountry":"","_VenueProvince":"","_VenueState":"","_VenueZip":"","_VenuePhone":"","_VenueURL":"","_VenueStateProvince":"","_VenueLat":"","_VenueLng":"","_VenueShowMap":false,"_VenueShowMapLink":false,"footnotes":""},"categories":[28,30],"tags":[],"class_list":["post-4987","post","type-post","status-publish","format-standard","hentry","category-actualites","category-colloque"],"_links":{"self":[{"href":"http:\/\/sfej.asso.fr\/index.php?rest_route=\/wp\/v2\/posts\/4987","targetHints":{"allow":["GET"]}}],"collection":[{"href":"http:\/\/sfej.asso.fr\/index.php?rest_route=\/wp\/v2\/posts"}],"about":[{"href":"http:\/\/sfej.asso.fr\/index.php?rest_route=\/wp\/v2\/types\/post"}],"author":[{"embeddable":true,"href":"http:\/\/sfej.asso.fr\/index.php?rest_route=\/wp\/v2\/users\/3"}],"replies":[{"embeddable":true,"href":"http:\/\/sfej.asso.fr\/index.php?rest_route=%2Fwp%2Fv2%2Fcomments&post=4987"}],"version-history":[{"count":4,"href":"http:\/\/sfej.asso.fr\/index.php?rest_route=\/wp\/v2\/posts\/4987\/revisions"}],"predecessor-version":[{"id":4993,"href":"http:\/\/sfej.asso.fr\/index.php?rest_route=\/wp\/v2\/posts\/4987\/revisions\/4993"}],"wp:attachment":[{"href":"http:\/\/sfej.asso.fr\/index.php?rest_route=%2Fwp%2Fv2%2Fmedia&parent=4987"}],"wp:term":[{"taxonomy":"category","embeddable":true,"href":"http:\/\/sfej.asso.fr\/index.php?rest_route=%2Fwp%2Fv2%2Fcategories&post=4987"},{"taxonomy":"post_tag","embeddable":true,"href":"http:\/\/sfej.asso.fr\/index.php?rest_route=%2Fwp%2Fv2%2Ftags&post=4987"}],"curies":[{"name":"wp","href":"https:\/\/api.w.org\/{rel}","templated":true}]}}