{"id":5068,"date":"2023-07-03T10:41:50","date_gmt":"2023-07-03T08:41:50","guid":{"rendered":"http:\/\/sfej.asso.fr\/?p=5068"},"modified":"2023-07-03T10:41:50","modified_gmt":"2023-07-03T08:41:50","slug":"conferencekataezome-the-artistic-legacy-of-serizawa-keisuke-in-catalonia-efeo-kyoto-12-juillet-2023-18h-jst","status":"publish","type":"post","link":"http:\/\/sfej.asso.fr\/?p=5068","title":{"rendered":"[Conf\u00e9rence]\u00a0\u00bbKataezome: the artistic legacy of Serizawa Keisuke in Catalonia\u00a0\u00bb (EFEO Ky\u014dto, 12 juillet 2023, 18h JST)"},"content":{"rendered":"\n<p>Dans le cadre des\u00a0<em>Kyoto Lectures<\/em>,\u00a0<strong>Ricard Bru\u00a0<\/strong>(Universitat Aut\u00f2noma de Barcelona) donne une conf\u00e9rence intitul\u00e9e <\/p>\n\n\n\n<h3 class=\"wp-block-heading has-text-align-center\">\u00ab\u00a0Kataezome: the artistic legacy of Serizawa Keisuke in Catalonia\u00a0\u00bb<br>Mercredi\u00a012\u00a0juillet\u00a018 h\u00a0(heure japonaise)\u00a0\u2013EFEO\u00a0Ky\u014dto\u00a0(sur place et par zoom)\u00a0\u00a0\u00a0\u00a0<\/h3>\n\n\n\n<p>Il y pr\u00e9sentera\u00a0<a href=\"https:\/\/www.barcelona.cat\/museu-etnologic-culturesmon\/ca\/node\/2227\" target=\"_blank\" rel=\"noreferrer noopener\">l\u2019exposition<\/a>\u00a0consacr\u00e9e au designer textile\u00a0Serizawa Keisuke\u00a0(1895-1984) et \u00e0 ses liens avec les artistes catalans, qui est\u00a0en cours au Museu Etnol\u00f2gic i de Cultures del M\u00f3n\u00a0de Barcelone.\u00a0<\/p>\n\n\n\n<p><strong>D\u00e9tails et lien zoom\u00a0:<\/strong><\/p>\n\n\n\n<p><a href=\"https:\/\/us02web.zoom.us\/j\/85861008137\">https:\/\/us02web.zoom.us\/j\/85861008137<\/a><\/p>\n\n\n\n<p><strong>Meeting ID: 858 6100 8137<\/strong><\/p>\n\n\n\n<p><a href=\"https:\/\/www.efeo.fr\/blogs_post.php?bid=10&amp;nid=4440&amp;l=FR\">https:\/\/www.efeo.fr\/blogs_post.php?bid=10&amp;nid=4440&amp;l=FR<\/a><\/p>\n","protected":false},"excerpt":{"rendered":"<p>Dans le cadre des\u00a0Kyoto Lectures,\u00a0Ricard Bru\u00a0(Universitat Aut\u00f2noma de Barcelona) donne une conf\u00e9rence intitul\u00e9e \u00ab\u00a0Kataezome: the artistic legacy of Serizawa Keisuke in Catalonia\u00a0\u00bbMercredi\u00a012\u00a0juillet\u00a018 h\u00a0(heure japonaise)\u00a0\u2013EFEO\u00a0Ky\u014dto\u00a0(sur place et par zoom)\u00a0\u00a0\u00a0\u00a0 Il y pr\u00e9sentera\u00a0l\u2019exposition\u00a0consacr\u00e9e au designer textile\u00a0Serizawa Keisuke\u00a0(1895-1984) et \u00e0 ses liens avec&hellip;&nbsp;<a href=\"http:\/\/sfej.asso.fr\/?p=5068\" class=\"more-link\">Lire la suite<\/a><\/p>\n","protected":false},"author":3,"featured_media":0,"comment_status":"closed","ping_status":"closed","sticky":false,"template":"","format":"standard","meta":{"_EventAllDay":false,"_EventTimezone":"","_EventStartDate":"","_EventEndDate":"","_EventStartDateUTC":"","_EventEndDateUTC":"","_EventShowMap":false,"_EventShowMapLink":false,"_EventURL":"","_EventCost":"","_EventCostDescription":"","_EventCurrencySymbol":"","_EventCurrencyCode":"","_EventCurrencyPosition":"","_EventDateTimeSeparator":"","_EventTimeRangeSeparator":"","_EventOrganizerID":[],"_EventVenueID":[],"_OrganizerEmail":"","_OrganizerPhone":"","_OrganizerWebsite":"","_VenueAddress":"","_VenueCity":"","_VenueCountry":"","_VenueProvince":"","_VenueState":"","_VenueZip":"","_VenuePhone":"","_VenueURL":"","_VenueStateProvince":"","_VenueLat":"","_VenueLng":"","_VenueShowMap":false,"_VenueShowMapLink":false,"footnotes":""},"categories":[28,31],"tags":[],"class_list":["post-5068","post","type-post","status-publish","format-standard","hentry","category-actualites","category-conference"],"_links":{"self":[{"href":"http:\/\/sfej.asso.fr\/index.php?rest_route=\/wp\/v2\/posts\/5068","targetHints":{"allow":["GET"]}}],"collection":[{"href":"http:\/\/sfej.asso.fr\/index.php?rest_route=\/wp\/v2\/posts"}],"about":[{"href":"http:\/\/sfej.asso.fr\/index.php?rest_route=\/wp\/v2\/types\/post"}],"author":[{"embeddable":true,"href":"http:\/\/sfej.asso.fr\/index.php?rest_route=\/wp\/v2\/users\/3"}],"replies":[{"embeddable":true,"href":"http:\/\/sfej.asso.fr\/index.php?rest_route=%2Fwp%2Fv2%2Fcomments&post=5068"}],"version-history":[{"count":1,"href":"http:\/\/sfej.asso.fr\/index.php?rest_route=\/wp\/v2\/posts\/5068\/revisions"}],"predecessor-version":[{"id":5069,"href":"http:\/\/sfej.asso.fr\/index.php?rest_route=\/wp\/v2\/posts\/5068\/revisions\/5069"}],"wp:attachment":[{"href":"http:\/\/sfej.asso.fr\/index.php?rest_route=%2Fwp%2Fv2%2Fmedia&parent=5068"}],"wp:term":[{"taxonomy":"category","embeddable":true,"href":"http:\/\/sfej.asso.fr\/index.php?rest_route=%2Fwp%2Fv2%2Fcategories&post=5068"},{"taxonomy":"post_tag","embeddable":true,"href":"http:\/\/sfej.asso.fr\/index.php?rest_route=%2Fwp%2Fv2%2Ftags&post=5068"}],"curies":[{"name":"wp","href":"https:\/\/api.w.org\/{rel}","templated":true}]}}