{"id":5104,"date":"2023-07-21T14:26:27","date_gmt":"2023-07-21T12:26:27","guid":{"rendered":"http:\/\/sfej.asso.fr\/?p=5104"},"modified":"2023-07-21T14:26:28","modified_gmt":"2023-07-21T12:26:28","slug":"recrutement-ater-a-lille-pour-rentree-2023-candidatures-jusquau-17-08-2023","status":"publish","type":"post","link":"http:\/\/sfej.asso.fr\/?p=5104","title":{"rendered":"[Recrutement] ATER \u00e0 Lille pour rentr\u00e9e 2023 (candidatures jusqu&rsquo;au 17 \/08\/2023)"},"content":{"rendered":"\n<p>L&rsquo;universit\u00e9 de Lille recrute un ATER pour la rentr\u00e9e 2023\/2024. Les candidatures sont possibles jusqu&rsquo;au 17 ao\u00fbt 2023 \u00e0 23 heures (heure de Paris); la prise de poste se fera au plus t\u00f4t d\u00e9but octobre 2023, pour un r\u00e9sultat du concours communiqu\u00e9 \u00e0 partir de d\u00e9but septembre. Les informations d\u00e9taill\u00e9es <strong><em><a rel=\"noreferrer noopener\" href=\"https:\/\/www.univ-lille.fr\/universite\/recrutement-eec\" data-type=\"URL\" data-id=\"https:\/\/www.univ-lille.fr\/universite\/recrutement-eec\" target=\"_blank\">se trouvent sur ce lien<\/a><\/em><\/strong>, en 3\u00e8me campagne ATER.<\/p>\n\n\n\n<figure class=\"wp-block-image size-large\"><img loading=\"lazy\" decoding=\"async\" width=\"903\" height=\"1024\" src=\"http:\/\/sfej.asso.fr\/wp-content\/uploads\/2023\/07\/Poste-ATER-Lille-903x1024.jpg\" alt=\"\" class=\"wp-image-5105\" srcset=\"http:\/\/sfej.asso.fr\/wp-content\/uploads\/2023\/07\/Poste-ATER-Lille-903x1024.jpg 903w, http:\/\/sfej.asso.fr\/wp-content\/uploads\/2023\/07\/Poste-ATER-Lille-265x300.jpg 265w, http:\/\/sfej.asso.fr\/wp-content\/uploads\/2023\/07\/Poste-ATER-Lille-768x871.jpg 768w, http:\/\/sfej.asso.fr\/wp-content\/uploads\/2023\/07\/Poste-ATER-Lille-1355x1536.jpg 1355w, http:\/\/sfej.asso.fr\/wp-content\/uploads\/2023\/07\/Poste-ATER-Lille-238x270.jpg 238w, http:\/\/sfej.asso.fr\/wp-content\/uploads\/2023\/07\/Poste-ATER-Lille.jpg 1748w\" sizes=\"auto, (max-width: 903px) 100vw, 903px\" \/><\/figure>\n","protected":false},"excerpt":{"rendered":"<p>L&rsquo;universit\u00e9 de Lille recrute un ATER pour la rentr\u00e9e 2023\/2024. Les candidatures sont possibles jusqu&rsquo;au 17 ao\u00fbt 2023 \u00e0 23 heures (heure de Paris); la prise de poste se fera au plus t\u00f4t d\u00e9but octobre 2023, pour un r\u00e9sultat du&hellip;&nbsp;<a href=\"http:\/\/sfej.asso.fr\/?p=5104\" class=\"more-link\">Lire la suite<\/a><\/p>\n","protected":false},"author":3,"featured_media":0,"comment_status":"closed","ping_status":"closed","sticky":false,"template":"","format":"standard","meta":{"_EventAllDay":false,"_EventTimezone":"","_EventStartDate":"","_EventEndDate":"","_EventStartDateUTC":"","_EventEndDateUTC":"","_EventShowMap":false,"_EventShowMapLink":false,"_EventURL":"","_EventCost":"","_EventCostDescription":"","_EventCurrencySymbol":"","_EventCurrencyCode":"","_EventCurrencyPosition":"","_EventDateTimeSeparator":"","_EventTimeRangeSeparator":"","_EventOrganizerID":[],"_EventVenueID":[],"_OrganizerEmail":"","_OrganizerPhone":"","_OrganizerWebsite":"","_VenueAddress":"","_VenueCity":"","_VenueCountry":"","_VenueProvince":"","_VenueState":"","_VenueZip":"","_VenuePhone":"","_VenueURL":"","_VenueStateProvince":"","_VenueLat":"","_VenueLng":"","_VenueShowMap":false,"_VenueShowMapLink":false,"footnotes":""},"categories":[28,33],"tags":[],"class_list":["post-5104","post","type-post","status-publish","format-standard","hentry","category-actualites","category-poste"],"_links":{"self":[{"href":"http:\/\/sfej.asso.fr\/index.php?rest_route=\/wp\/v2\/posts\/5104","targetHints":{"allow":["GET"]}}],"collection":[{"href":"http:\/\/sfej.asso.fr\/index.php?rest_route=\/wp\/v2\/posts"}],"about":[{"href":"http:\/\/sfej.asso.fr\/index.php?rest_route=\/wp\/v2\/types\/post"}],"author":[{"embeddable":true,"href":"http:\/\/sfej.asso.fr\/index.php?rest_route=\/wp\/v2\/users\/3"}],"replies":[{"embeddable":true,"href":"http:\/\/sfej.asso.fr\/index.php?rest_route=%2Fwp%2Fv2%2Fcomments&post=5104"}],"version-history":[{"count":1,"href":"http:\/\/sfej.asso.fr\/index.php?rest_route=\/wp\/v2\/posts\/5104\/revisions"}],"predecessor-version":[{"id":5106,"href":"http:\/\/sfej.asso.fr\/index.php?rest_route=\/wp\/v2\/posts\/5104\/revisions\/5106"}],"wp:attachment":[{"href":"http:\/\/sfej.asso.fr\/index.php?rest_route=%2Fwp%2Fv2%2Fmedia&parent=5104"}],"wp:term":[{"taxonomy":"category","embeddable":true,"href":"http:\/\/sfej.asso.fr\/index.php?rest_route=%2Fwp%2Fv2%2Fcategories&post=5104"},{"taxonomy":"post_tag","embeddable":true,"href":"http:\/\/sfej.asso.fr\/index.php?rest_route=%2Fwp%2Fv2%2Ftags&post=5104"}],"curies":[{"name":"wp","href":"https:\/\/api.w.org\/{rel}","templated":true}]}}