{"id":5107,"date":"2023-07-24T11:57:24","date_gmt":"2023-07-24T09:57:24","guid":{"rendered":"http:\/\/sfej.asso.fr\/?p=5107"},"modified":"2023-07-24T12:00:16","modified_gmt":"2023-07-24T10:00:16","slug":"appel-a-contributionde-laffaire-a-la-cause-dans-les-societes-est-asiatiques-avant-le-15-septembre-2023","status":"publish","type":"post","link":"http:\/\/sfej.asso.fr\/?p=5107","title":{"rendered":"[Appel \u00e0 contribution]\u00a0\u00bbDe l&rsquo;affaire \u00e0 la cause dans les soci\u00e9t\u00e9s est-asiatiques\u00a0\u00bb (avant le 15 septembre 2023)"},"content":{"rendered":"\n<p>La revue\u00a0<em>Extr\u00eame-Orient, Extr\u00eame-Occident\u00a0<\/em>lance un appel \u00e0 contribution pour un prochain num\u00e9ro ayant pour th\u00e8me\u00a0\u00ab\u00a0De l\u2019affaire \u00e0 la cause\u00a0dans les soci\u00e9t\u00e9s est-asiatiques\u00a0\u00bb, coordonn\u00e9 par Justine Guichard.<\/p>\n\n\n\n<p>Les propositions d\u2019articles, en anglais ou en fran\u00e7ais, seront adress\u00e9es aux deux r\u00e9dacteurs en chef de la revue\u00a0:\u00a0<a href=\"mailto:matthias.hayek@ephe.psl.eu\" target=\"_blank\" rel=\"noreferrer noopener\">matthias.hayek@ephe.psl.eu<\/a>\u00a0et\u00a0<a href=\"mailto:pierre-emmanuel.roux@u-paris.fr\" target=\"_blank\" rel=\"noreferrer noopener\">pierre-emmanuel.roux@u-paris.fr<\/a>, ainsi qu\u2019\u00e0 la coordinatrice du num\u00e9ro\u00a0:\u00a0<a href=\"mailto:justine.Guichard@u-paris.fr\" target=\"_blank\" rel=\"noreferrer noopener\">justine.Guichard@u-paris.fr<\/a><\/p>\n\n\n\n<p>Les personnes qui envisagent de proposer une contribution sont invit\u00e9es \u00e0 se manifester en soumettant un titre provisoire et un r\u00e9sum\u00e9, avant le&nbsp;<strong><u>15 septembre 2023<\/u><\/strong>.&nbsp;<\/p>\n\n\n\n<p>Les manuscrits complets pour les propositions retenues seront attendus au plus tard le\u00a0<strong><u>15 janvier 2024<\/u><\/strong>\u00a0et\u00a0devront suivre les consignes indiqu\u00e9es ici :\u00a0<a rel=\"noreferrer noopener\" href=\"https:\/\/journals.openedition.org\/extremeorient\/738\" target=\"_blank\">https:\/\/journals<\/a><a rel=\"noreferrer noopener\" href=\"https:\/\/journals.openedition.org\/extremeorient\/738\" target=\"_blank\">.openedition.org\/extremeorient\/738<\/a>.<br>Nous profitons de ce message pour vous rappeler que vous pouvez \u00e0 tout moment proposer un projet de num\u00e9ro \u00e0 la revue, en soumettant un argumentaire d\u00e9taill\u00e9, ainsi qu\u2019une liste de contributeur\u00b7rices potentiels \u00e0 la r\u00e9daction de la revue.\u00a0Cette liste est purement indicative : les propositions d&rsquo;articles seront ensuite s\u00e9lectionn\u00e9es par le comit\u00e9 de r\u00e9daction et \u00e9valu\u00e9es par deux \u00e9valuateurs anonymes avant acceptation \u00e9ventuelle.<br>Les th\u00e8mes propos\u00e9s doivent de\u00a0pr\u00e9f\u00e9rence permettre une ouverture aux diff\u00e9rents pays d\u2019Asie de l\u2019est, voire du nord ou du sud-est.<br>Les propositions doivent nous parvenir avant le 31 ao\u00fbt, et sont examin\u00e9es par le comit\u00e9 scientifique chaque ann\u00e9e \u00e0 l\u2019automne.\u00a0<\/p>\n","protected":false},"excerpt":{"rendered":"<p>La revue\u00a0Extr\u00eame-Orient, Extr\u00eame-Occident\u00a0lance un appel \u00e0 contribution pour un prochain num\u00e9ro ayant pour th\u00e8me\u00a0\u00ab\u00a0De l\u2019affaire \u00e0 la cause\u00a0dans les soci\u00e9t\u00e9s est-asiatiques\u00a0\u00bb, coordonn\u00e9 par Justine Guichard. Les propositions d\u2019articles, en anglais ou en fran\u00e7ais, seront adress\u00e9es aux deux r\u00e9dacteurs en chef&hellip;&nbsp;<a href=\"http:\/\/sfej.asso.fr\/?p=5107\" class=\"more-link\">Lire la suite<\/a><\/p>\n","protected":false},"author":3,"featured_media":0,"comment_status":"closed","ping_status":"closed","sticky":false,"template":"","format":"standard","meta":{"_EventAllDay":false,"_EventTimezone":"","_EventStartDate":"","_EventEndDate":"","_EventStartDateUTC":"","_EventEndDateUTC":"","_EventShowMap":false,"_EventShowMapLink":false,"_EventURL":"","_EventCost":"","_EventCostDescription":"","_EventCurrencySymbol":"","_EventCurrencyCode":"","_EventCurrencyPosition":"","_EventDateTimeSeparator":"","_EventTimeRangeSeparator":"","_EventOrganizerID":[],"_EventVenueID":[],"_OrganizerEmail":"","_OrganizerPhone":"","_OrganizerWebsite":"","_VenueAddress":"","_VenueCity":"","_VenueCountry":"","_VenueProvince":"","_VenueState":"","_VenueZip":"","_VenuePhone":"","_VenueURL":"","_VenueStateProvince":"","_VenueLat":"","_VenueLng":"","_VenueShowMap":false,"_VenueShowMapLink":false,"footnotes":""},"categories":[28,29],"tags":[],"class_list":["post-5107","post","type-post","status-publish","format-standard","hentry","category-actualites","category-appel"],"_links":{"self":[{"href":"http:\/\/sfej.asso.fr\/index.php?rest_route=\/wp\/v2\/posts\/5107","targetHints":{"allow":["GET"]}}],"collection":[{"href":"http:\/\/sfej.asso.fr\/index.php?rest_route=\/wp\/v2\/posts"}],"about":[{"href":"http:\/\/sfej.asso.fr\/index.php?rest_route=\/wp\/v2\/types\/post"}],"author":[{"embeddable":true,"href":"http:\/\/sfej.asso.fr\/index.php?rest_route=\/wp\/v2\/users\/3"}],"replies":[{"embeddable":true,"href":"http:\/\/sfej.asso.fr\/index.php?rest_route=%2Fwp%2Fv2%2Fcomments&post=5107"}],"version-history":[{"count":2,"href":"http:\/\/sfej.asso.fr\/index.php?rest_route=\/wp\/v2\/posts\/5107\/revisions"}],"predecessor-version":[{"id":5109,"href":"http:\/\/sfej.asso.fr\/index.php?rest_route=\/wp\/v2\/posts\/5107\/revisions\/5109"}],"wp:attachment":[{"href":"http:\/\/sfej.asso.fr\/index.php?rest_route=%2Fwp%2Fv2%2Fmedia&parent=5107"}],"wp:term":[{"taxonomy":"category","embeddable":true,"href":"http:\/\/sfej.asso.fr\/index.php?rest_route=%2Fwp%2Fv2%2Fcategories&post=5107"},{"taxonomy":"post_tag","embeddable":true,"href":"http:\/\/sfej.asso.fr\/index.php?rest_route=%2Fwp%2Fv2%2Ftags&post=5107"}],"curies":[{"name":"wp","href":"https:\/\/api.w.org\/{rel}","templated":true}]}}