{"id":5116,"date":"2023-08-16T14:19:50","date_gmt":"2023-08-16T12:19:50","guid":{"rendered":"http:\/\/sfej.asso.fr\/?p=5116"},"modified":"2023-08-16T14:19:51","modified_gmt":"2023-08-16T12:19:51","slug":"appel-a-communication-journee-detudes-sur-la-notion-de-kudoka-%e7%a9%ba%e6%b4%9e%e5%8c%96-date-limite-denvoi-le-31-octobre-2023","status":"publish","type":"post","link":"http:\/\/sfej.asso.fr\/?p=5116","title":{"rendered":"[Appel \u00e0 communication] Journ\u00e9e d&rsquo;\u00e9tudes sur la notion de k\u016bd\u014dka \u7a7a\u6d1e\u5316 (date limite d&rsquo;envoi le 31 octobre 2023)"},"content":{"rendered":"\n<p>Cet appel \u00e0 communication est lanc\u00e9 dans le cadre de la journ\u00e9e d&rsquo;\u00e9tudes sur la notion de <em>k\u016bd\u014dka<\/em> \u7a7a\u6d1e\u5316 (ph\u00e9nom\u00e8ne d&rsquo;\u00e9videment) organis\u00e9e par l&rsquo;\u00e9quipe Populations Japonaises (IFRAE-CRCAO) en juin 2024, en format hybride, \u00e0 Paris (Inalco-Universit\u00e9 Paris Cit\u00e9). <\/p>\n\n\n\n<p>La dur\u00e9e de communication sera d&rsquo;environ 20 minutes, et la <span style=\"text-decoration: underline;\">date limite d&rsquo;envoi des propositions est le 31 octobre 2023<\/span>. Les r\u00e9sultats seront communiqu\u00e9s avant la fin d\u00e9cembre 2023. <\/p>\n\n\n\n<p><strong>Comit\u00e9 d&rsquo;organisation<\/strong> : Alice Berthon (Universit\u00e9 Grenoble-Alpes), Kenjir\u014d Muramatsu (Universit\u00e9 Jean Moulin Lyon 3) et Naoko Tokumitsu (Inalco).<\/p>\n\n\n\n<p><strong><em><a href=\"http:\/\/sfej.asso.fr\/wp-content\/uploads\/2023\/08\/Appel-a-communication-_-kudoka.pdf\" data-type=\"link\" data-id=\"http:\/\/sfej.asso.fr\/wp-content\/uploads\/2023\/08\/Appel-a-communication-_-kudoka.pdf\">Lien vers le pdf de pr\u00e9sentation de l&rsquo;appel \u00e0 communication. <\/a><\/em><\/strong><\/p>\n","protected":false},"excerpt":{"rendered":"<p>Cet appel \u00e0 communication est lanc\u00e9 dans le cadre de la journ\u00e9e d&rsquo;\u00e9tudes sur la notion de k\u016bd\u014dka \u7a7a\u6d1e\u5316 (ph\u00e9nom\u00e8ne d&rsquo;\u00e9videment) organis\u00e9e par l&rsquo;\u00e9quipe Populations Japonaises (IFRAE-CRCAO) en juin 2024, en format hybride, \u00e0 Paris (Inalco-Universit\u00e9 Paris Cit\u00e9). La dur\u00e9e&hellip;&nbsp;<a href=\"http:\/\/sfej.asso.fr\/?p=5116\" class=\"more-link\">Lire la suite<\/a><\/p>\n","protected":false},"author":3,"featured_media":0,"comment_status":"closed","ping_status":"closed","sticky":false,"template":"","format":"standard","meta":{"_EventAllDay":false,"_EventTimezone":"","_EventStartDate":"","_EventEndDate":"","_EventStartDateUTC":"","_EventEndDateUTC":"","_EventShowMap":false,"_EventShowMapLink":false,"_EventURL":"","_EventCost":"","_EventCostDescription":"","_EventCurrencySymbol":"","_EventCurrencyCode":"","_EventCurrencyPosition":"","_EventDateTimeSeparator":"","_EventTimeRangeSeparator":"","_EventOrganizerID":[],"_EventVenueID":[],"_OrganizerEmail":"","_OrganizerPhone":"","_OrganizerWebsite":"","_VenueAddress":"","_VenueCity":"","_VenueCountry":"","_VenueProvince":"","_VenueState":"","_VenueZip":"","_VenuePhone":"","_VenueURL":"","_VenueStateProvince":"","_VenueLat":"","_VenueLng":"","_VenueShowMap":false,"_VenueShowMapLink":false,"footnotes":""},"categories":[28,29],"tags":[],"class_list":["post-5116","post","type-post","status-publish","format-standard","hentry","category-actualites","category-appel"],"_links":{"self":[{"href":"http:\/\/sfej.asso.fr\/index.php?rest_route=\/wp\/v2\/posts\/5116","targetHints":{"allow":["GET"]}}],"collection":[{"href":"http:\/\/sfej.asso.fr\/index.php?rest_route=\/wp\/v2\/posts"}],"about":[{"href":"http:\/\/sfej.asso.fr\/index.php?rest_route=\/wp\/v2\/types\/post"}],"author":[{"embeddable":true,"href":"http:\/\/sfej.asso.fr\/index.php?rest_route=\/wp\/v2\/users\/3"}],"replies":[{"embeddable":true,"href":"http:\/\/sfej.asso.fr\/index.php?rest_route=%2Fwp%2Fv2%2Fcomments&post=5116"}],"version-history":[{"count":2,"href":"http:\/\/sfej.asso.fr\/index.php?rest_route=\/wp\/v2\/posts\/5116\/revisions"}],"predecessor-version":[{"id":5119,"href":"http:\/\/sfej.asso.fr\/index.php?rest_route=\/wp\/v2\/posts\/5116\/revisions\/5119"}],"wp:attachment":[{"href":"http:\/\/sfej.asso.fr\/index.php?rest_route=%2Fwp%2Fv2%2Fmedia&parent=5116"}],"wp:term":[{"taxonomy":"category","embeddable":true,"href":"http:\/\/sfej.asso.fr\/index.php?rest_route=%2Fwp%2Fv2%2Fcategories&post=5116"},{"taxonomy":"post_tag","embeddable":true,"href":"http:\/\/sfej.asso.fr\/index.php?rest_route=%2Fwp%2Fv2%2Ftags&post=5116"}],"curies":[{"name":"wp","href":"https:\/\/api.w.org\/{rel}","templated":true}]}}