{"id":5140,"date":"2023-09-06T12:08:22","date_gmt":"2023-09-06T10:08:22","guid":{"rendered":"http:\/\/sfej.asso.fr\/?p=5140"},"modified":"2023-09-06T12:10:29","modified_gmt":"2023-09-06T10:10:29","slug":"appel-a-candidatures-prix-ffj-christian-polak-2024-meilleur-memoire-de-master-sur-le-japon-dossier-a-envoyer-avant-le-31-octobre-2023","status":"publish","type":"post","link":"http:\/\/sfej.asso.fr\/?p=5140","title":{"rendered":"[Appel \u00e0 candidatures] Prix FFJ\/Christian Polak 2024 Meilleur m\u00e9moire de master sur le Japon (dossier \u00e0 envoyer avant le 31 octobre 2023)"},"content":{"rendered":"\n<p>La Fondation France-Japon de l\u2019EHESS a le plaisir d\u2019annoncer le lancement de l\u2019appel \u00e0 candidatures de la neuvi\u00e8me \u00e9dition du Prix FFJ\/Christian Polak du <strong>meilleur m\u00e9moire de master sur le Japon.<\/strong> Ce Prix r\u00e9compense l\u2019excellence et la valeur universitaires et scientifiques de trois m\u00e9moires de master sur le Japon. Gr\u00e2ce au soutien de M.\u00a0Christian Polak, la Fondation verse le montant de 2\u00a0000 \u20ac au ou \u00e0 la laur\u00e9at\u00b7e du Premier Prix, 1 000 \u20ac \u00e0 celui ou celle du Deuxi\u00e8me Prix et 500 \u20ac \u00e0 celui ou celle du Troisi\u00e8me Prix.<\/p>\n\n\n\n<h3 class=\"wp-block-heading has-vivid-red-color has-text-color\">Crit\u00e8res d&rsquo;\u00e9ligibilit\u00e9 du m\u00e9moire<\/h3>\n\n\n\n<ul class=\"wp-block-list\">\n<li>Concerner le Japon dans une perspective ar\u00e9ale ou compar\u00e9e<\/li>\n\n\n\n<li>Avoir \u00e9t\u00e9 r\u00e9dig\u00e9 en fran\u00e7ais<\/li>\n\n\n\n<li>Avoir \u00e9t\u00e9 soutenu au terme d&rsquo;un cursus de master et au terme de l&rsquo;ann\u00e9e universitaire 2022-2023<\/li>\n\n\n\n<li>Entrer dans le champ des sciences humaines ou sociales<\/li>\n<\/ul>\n\n\n\n<h3 class=\"wp-block-heading has-vivid-red-color has-text-color\">Pi\u00e8ces du dossier \u00e0 fournir<\/h3>\n\n\n\n<ul class=\"wp-block-list\">\n<li>Int\u00e9gralit\u00e9 du m\u00e9moire<\/li>\n\n\n\n<li>R\u00e9sum\u00e9 d&rsquo;une page du m\u00e9moire<\/li>\n\n\n\n<li>Document mentionnant la composition du jury de la soutenance<\/li>\n\n\n\n<li>Avis motiv\u00e9 de la directrice ou du directeur de m\u00e9moire \u00e0 l&rsquo;attention du Comit\u00e9 de s\u00e9lection du Prix FFJ \/ Christian Polak<\/li>\n\n\n\n<li>Curriculum vitae<\/li>\n\n\n\n<li>Une photo, qui pourra \u00eatre utilis\u00e9e pour la communication sur le site de la FFJ en cas d&rsquo;obtention d&rsquo;un des trois prix, ainsi qu&rsquo;une courte biographie de 5 lignes. (Voir le lien suivant\u00a0:\u00a0<a rel=\"noreferrer noopener\" href=\"https:\/\/us16.mailchimp.com\/mctx\/clicks?url=http%3A%2F%2Fffj.ehess.fr%2Fprix_polak_2023.html&amp;xid=792b309685&amp;uid=77394178&amp;iid=e8adf6999a&amp;pool=cts&amp;v=2&amp;c=1693991789&amp;h=cc0d83e0e9af2c1a50872f843aaa21501a9ddc495f141510d46a8e3807e181fd\" target=\"_blank\">http:\/\/ffj.ehess.fr\/prix_polak_2023.html<\/a>)<\/li>\n<\/ul>\n\n\n\n<p>Le dossier de candidature est \u00e0 envoyer \u00e0\u00a0<a rel=\"noreferrer noopener\" href=\"mailto:prixpolak_ffj@ehess.fr\" target=\"_blank\">prixpolak_ffj@ehess.fr<\/a><strong>\u00a0<span style=\"text-decoration: underline;\">avant le\u00a031 octobre\u00a02023, minuit<\/span><\/strong>. Chacune des pi\u00e8ces de ce dossier doit \u00eatre au format PDF et nomm\u00e9e \u00ab nom du candidat &#8211; type de document \u00bb.<\/p>\n\n\n\n<p>Les r\u00e9sultats seront annonc\u00e9s aux candidats puis rendus publics<span style=\"text-decoration: underline;\"> en<strong>\u00a0f\u00e9vrier 2024<\/strong><\/span>\u00a0apr\u00e8s la r\u00e9union du Comit\u00e9 de s\u00e9lection, et une c\u00e9r\u00e9monie de remise du Prix sera organis\u00e9e.<\/p>\n\n\n\n<p>Sont accessibles sur le <strong><a href=\"http:\/\/ffj.ehess.fr\/prix_ffj_christian_polak.html\" data-type=\"link\" data-id=\"http:\/\/ffj.ehess.fr\/prix_ffj_christian_polak.html\">site de la Fondation France-Japon de l\u2019EHESS<\/a><\/strong> le r\u00e8glement int\u00e9gral du Prix ainsi que la liste des anciens laur\u00e9ats.<\/p>\n\n\n\n<p><strong><em><a href=\"http:\/\/ffj.ehess.fr\/upload\/Prix%20Christian%20Polak\/2024\/FFJ_Appel-%C3%A0-candidatures_Prix-Polak-2024.pdf\" data-type=\"link\" data-id=\"http:\/\/ffj.ehess.fr\/upload\/Prix%20Christian%20Polak\/2024\/FFJ_Appel-%C3%A0-candidatures_Prix-Polak-2024.pdf\">Lien vers l&rsquo;appel.<\/a><\/em><\/strong><\/p>\n\n\n\n<p><strong><em><a href=\"http:\/\/ffj.ehess.fr\/upload\/Prix%20Christian%20Polak\/FFJ_R%C3%A8glement_Prix_Polak_2022.pdf\" data-type=\"link\" data-id=\"http:\/\/ffj.ehess.fr\/upload\/Prix%20Christian%20Polak\/FFJ_R%C3%A8glement_Prix_Polak_2022.pdf\">Lien vers le r\u00e8glement.<\/a><\/em><\/strong><\/p>\n","protected":false},"excerpt":{"rendered":"<p>La Fondation France-Japon de l\u2019EHESS a le plaisir d\u2019annoncer le lancement de l\u2019appel \u00e0 candidatures de la neuvi\u00e8me \u00e9dition du Prix FFJ\/Christian Polak du meilleur m\u00e9moire de master sur le Japon. Ce Prix r\u00e9compense l\u2019excellence et la valeur universitaires et&hellip;&nbsp;<a href=\"http:\/\/sfej.asso.fr\/?p=5140\" class=\"more-link\">Lire la suite<\/a><\/p>\n","protected":false},"author":3,"featured_media":0,"comment_status":"closed","ping_status":"closed","sticky":false,"template":"","format":"standard","meta":{"_EventAllDay":false,"_EventTimezone":"","_EventStartDate":"","_EventEndDate":"","_EventStartDateUTC":"","_EventEndDateUTC":"","_EventShowMap":false,"_EventShowMapLink":false,"_EventURL":"","_EventCost":"","_EventCostDescription":"","_EventCurrencySymbol":"","_EventCurrencyCode":"","_EventCurrencyPosition":"","_EventDateTimeSeparator":"","_EventTimeRangeSeparator":"","_EventOrganizerID":[],"_EventVenueID":[],"_OrganizerEmail":"","_OrganizerPhone":"","_OrganizerWebsite":"","_VenueAddress":"","_VenueCity":"","_VenueCountry":"","_VenueProvince":"","_VenueState":"","_VenueZip":"","_VenuePhone":"","_VenueURL":"","_VenueStateProvince":"","_VenueLat":"","_VenueLng":"","_VenueShowMap":false,"_VenueShowMapLink":false,"footnotes":""},"categories":[28,29],"tags":[],"class_list":["post-5140","post","type-post","status-publish","format-standard","hentry","category-actualites","category-appel"],"_links":{"self":[{"href":"http:\/\/sfej.asso.fr\/index.php?rest_route=\/wp\/v2\/posts\/5140","targetHints":{"allow":["GET"]}}],"collection":[{"href":"http:\/\/sfej.asso.fr\/index.php?rest_route=\/wp\/v2\/posts"}],"about":[{"href":"http:\/\/sfej.asso.fr\/index.php?rest_route=\/wp\/v2\/types\/post"}],"author":[{"embeddable":true,"href":"http:\/\/sfej.asso.fr\/index.php?rest_route=\/wp\/v2\/users\/3"}],"replies":[{"embeddable":true,"href":"http:\/\/sfej.asso.fr\/index.php?rest_route=%2Fwp%2Fv2%2Fcomments&post=5140"}],"version-history":[{"count":2,"href":"http:\/\/sfej.asso.fr\/index.php?rest_route=\/wp\/v2\/posts\/5140\/revisions"}],"predecessor-version":[{"id":5142,"href":"http:\/\/sfej.asso.fr\/index.php?rest_route=\/wp\/v2\/posts\/5140\/revisions\/5142"}],"wp:attachment":[{"href":"http:\/\/sfej.asso.fr\/index.php?rest_route=%2Fwp%2Fv2%2Fmedia&parent=5140"}],"wp:term":[{"taxonomy":"category","embeddable":true,"href":"http:\/\/sfej.asso.fr\/index.php?rest_route=%2Fwp%2Fv2%2Fcategories&post=5140"},{"taxonomy":"post_tag","embeddable":true,"href":"http:\/\/sfej.asso.fr\/index.php?rest_route=%2Fwp%2Fv2%2Ftags&post=5140"}],"curies":[{"name":"wp","href":"https:\/\/api.w.org\/{rel}","templated":true}]}}