{"id":5143,"date":"2023-09-07T21:31:13","date_gmt":"2023-09-07T19:31:13","guid":{"rendered":"http:\/\/sfej.asso.fr\/?p=5143"},"modified":"2023-09-07T21:33:48","modified_gmt":"2023-09-07T19:33:48","slug":"appel-a-communication-18eme-colloque-sur-lenseignement-du-japonais-les-14-15-juin-2024-date-limite-de-soumission-10-janvier-2024","status":"publish","type":"post","link":"http:\/\/sfej.asso.fr\/?p=5143","title":{"rendered":"[Appel \u00e0 communication] 18\u00e8me Colloque sur l&rsquo;enseignement du japonais les 14 &#038; 15 juin 2024 (date limite de soumission 10 janvier 2024)"},"content":{"rendered":"\n<p>Vous trouverez ci-dessus l&rsquo;appel \u00e0 communication, ainsi que les modalit\u00e9s de participation pour le <strong>18\u00e8me Colloque sur l&rsquo;enseignement du japonais<\/strong>, qui aura lieu \u00e0 l&rsquo;Universit\u00e9 Grenoble Alpes (UGA) les <strong>14 et 15 juin 2024<\/strong> et sera intitul\u00e9 : <\/p>\n\n\n\n<h3 class=\"wp-block-heading has-text-align-center\">\u00ab\u00a0Reconsid\u00e9rer l&rsquo;enseignement de la langue japonaise : (re)mettre l&rsquo;humain au centre \u00e0 l&rsquo;\u00e8re du num\u00e9rique et de l&rsquo;intelligence artificielle\u00a0\u00bb<\/h3>\n\n\n\n<p>Merci d&rsquo;envoyer vos propositions par courriel \u00e0 <a href=\"mailto:aejfsympo2024@gmail.com\">aejfsympo2024@gmail.com<\/a>; date limite de soumission le <strong><span style=\"text-decoration: underline;\">10 janvier 2024 <\/span><\/strong>et notification aux auteurs fin f\u00e9vrier 2024.<\/p>\n\n\n\n<p>Plus d&rsquo;informations sur le colloque sont \u00e9galement disponibles sur le <strong><em><a href=\"http:\/\/aejf.asso.fr\/archives\/608?lang=fr\" data-type=\"link\" data-id=\"http:\/\/aejf.asso.fr\/archives\/608?lang=fr\">site de l&rsquo;AEJF.<\/a><\/em><\/strong> <\/p>\n\n\n\n<p><a href=\"http:\/\/sfej.asso.fr\/wp-content\/uploads\/2023\/09\/AEJF_Sympo2024_Appel.pdf\" data-type=\"link\" data-id=\"http:\/\/sfej.asso.fr\/wp-content\/uploads\/2023\/09\/AEJF_Sympo2024_Appel.pdf\">Lien vers l&rsquo;appel \u00e0 communication<\/a>.<\/p>\n\n\n\n<p><a href=\"http:\/\/sfej.asso.fr\/wp-content\/uploads\/2023\/09\/AEJF_Sympo2024_Proposition.pdf\" data-type=\"link\" data-id=\"http:\/\/sfej.asso.fr\/wp-content\/uploads\/2023\/09\/AEJF_Sympo2024_Proposition.pdf\">Lien vers le formulaire de proposition de communication<\/a>.<\/p>\n","protected":false},"excerpt":{"rendered":"<p>Vous trouverez ci-dessus l&rsquo;appel \u00e0 communication, ainsi que les modalit\u00e9s de participation pour le 18\u00e8me Colloque sur l&rsquo;enseignement du japonais, qui aura lieu \u00e0 l&rsquo;Universit\u00e9 Grenoble Alpes (UGA) les 14 et 15 juin 2024 et sera intitul\u00e9 : \u00ab\u00a0Reconsid\u00e9rer l&rsquo;enseignement&hellip;&nbsp;<a href=\"http:\/\/sfej.asso.fr\/?p=5143\" class=\"more-link\">Lire la suite<\/a><\/p>\n","protected":false},"author":3,"featured_media":0,"comment_status":"closed","ping_status":"closed","sticky":false,"template":"","format":"standard","meta":{"_EventAllDay":false,"_EventTimezone":"","_EventStartDate":"","_EventEndDate":"","_EventStartDateUTC":"","_EventEndDateUTC":"","_EventShowMap":false,"_EventShowMapLink":false,"_EventURL":"","_EventCost":"","_EventCostDescription":"","_EventCurrencySymbol":"","_EventCurrencyCode":"","_EventCurrencyPosition":"","_EventDateTimeSeparator":"","_EventTimeRangeSeparator":"","_EventOrganizerID":[],"_EventVenueID":[],"_OrganizerEmail":"","_OrganizerPhone":"","_OrganizerWebsite":"","_VenueAddress":"","_VenueCity":"","_VenueCountry":"","_VenueProvince":"","_VenueState":"","_VenueZip":"","_VenuePhone":"","_VenueURL":"","_VenueStateProvince":"","_VenueLat":"","_VenueLng":"","_VenueShowMap":false,"_VenueShowMapLink":false,"footnotes":""},"categories":[28,29,30],"tags":[],"class_list":["post-5143","post","type-post","status-publish","format-standard","hentry","category-actualites","category-appel","category-colloque"],"_links":{"self":[{"href":"http:\/\/sfej.asso.fr\/index.php?rest_route=\/wp\/v2\/posts\/5143","targetHints":{"allow":["GET"]}}],"collection":[{"href":"http:\/\/sfej.asso.fr\/index.php?rest_route=\/wp\/v2\/posts"}],"about":[{"href":"http:\/\/sfej.asso.fr\/index.php?rest_route=\/wp\/v2\/types\/post"}],"author":[{"embeddable":true,"href":"http:\/\/sfej.asso.fr\/index.php?rest_route=\/wp\/v2\/users\/3"}],"replies":[{"embeddable":true,"href":"http:\/\/sfej.asso.fr\/index.php?rest_route=%2Fwp%2Fv2%2Fcomments&post=5143"}],"version-history":[{"count":7,"href":"http:\/\/sfej.asso.fr\/index.php?rest_route=\/wp\/v2\/posts\/5143\/revisions"}],"predecessor-version":[{"id":5153,"href":"http:\/\/sfej.asso.fr\/index.php?rest_route=\/wp\/v2\/posts\/5143\/revisions\/5153"}],"wp:attachment":[{"href":"http:\/\/sfej.asso.fr\/index.php?rest_route=%2Fwp%2Fv2%2Fmedia&parent=5143"}],"wp:term":[{"taxonomy":"category","embeddable":true,"href":"http:\/\/sfej.asso.fr\/index.php?rest_route=%2Fwp%2Fv2%2Fcategories&post=5143"},{"taxonomy":"post_tag","embeddable":true,"href":"http:\/\/sfej.asso.fr\/index.php?rest_route=%2Fwp%2Fv2%2Ftags&post=5143"}],"curies":[{"name":"wp","href":"https:\/\/api.w.org\/{rel}","templated":true}]}}