{"id":5196,"date":"2023-09-19T10:21:23","date_gmt":"2023-09-19T08:21:23","guid":{"rendered":"http:\/\/sfej.asso.fr\/?p=5196"},"modified":"2023-09-19T10:21:24","modified_gmt":"2023-09-19T08:21:24","slug":"journee-detudelire-les-images-lire-avec-les-images-reading-images-reading-with-images-10-novembre-2023-paris","status":"publish","type":"post","link":"http:\/\/sfej.asso.fr\/?p=5196","title":{"rendered":"[Journ\u00e9e d&rsquo;\u00e9tude]\u00a0\u00bbLire les images, lire avec les images \/ Reading Images, Reading with Images\u00a0\u00bb (10 novembre 2023, Paris)"},"content":{"rendered":"\n<p>Estelle Bauer et  Marianne Simon-Oikawa ont le plaisir de vous annoncer la tenue d\u2019une journ\u00e9e d\u2019\u00e9tude intitul\u00e9e :<\/p>\n\n\n\n<h3 class=\"wp-block-heading has-text-align-center has-vivid-red-color has-text-color\">\u00ab\u00a0<strong>Lire les images, lire avec les images \/ Reading Images, Reading with Images<\/strong>\u00ab\u00a0<\/h3>\n\n\n\n<p>Vendredi 10 novembre 2023, Amphi Turing, B\u00e2timent Sophie-Germain, Universit\u00e9 Paris Cit\u00e9,\u00a08\u00a0Place Aur\u00e9lie Nemours, 75013 Paris<\/p>\n\n\n\n<p><strong>Organisation<\/strong>\u00a0: Estelle Bauer (<a href=\"mailto:estelle.bauer@inalco.fr\">estelle.bauer@inalco.fr<\/a>)\u00a0et Marianne Simon-Oikawa (<a rel=\"noreferrer noopener\" href=\"mailto:marianne.simon-oikawa@u-paris.fr\" target=\"_blank\">marianne.simon-oikawa@u-paris.fr<\/a>), Facult\u00e9 Soci\u00e9t\u00e9s &amp; Humanit\u00e9s Universit\u00e9 Paris Cit\u00e9, CRCAO, IFRAE<\/p>\n\n\n\n<h3 class=\"wp-block-heading\">Programme<\/h3>\n\n\n\n<p>08h50-09h05. Accueil<\/p>\n\n\n\n<p>09h05-9h15. Estelle Bauer et Marianne Simon-Oikawa&nbsp;: Pr\u00e9sentation<\/p>\n\n\n\n<p><em>Matin\u00e9e<\/em><\/p>\n\n\n\n<p>Mod\u00e9rateur&nbsp;: Matthias Hayek (\u00c9cole Pratique des Hautes \u00c9tudes-PSL)<\/p>\n\n\n\n<p>09h15-10h15.&nbsp;Joshua Mostow (University of British Columbia) : The role of images in the popularization of the&nbsp;<em>Ogura Hyakunin isshu<\/em>&nbsp;during the Edo period&nbsp;<\/p>\n\n\n\n<p>10h15-11h. Marianne Simon-Oikawa (Universit\u00e9 Paris Cit\u00e9)&nbsp;: Po\u00e8tes \u00e0 voir&nbsp;: \u00e9criture et po\u00e9sie dans les&nbsp;<em>moji-e<\/em>&nbsp;de l\u2019\u00e9poque d\u2019Edo<\/p>\n\n\n\n<p><em>Pause<\/em><\/p>\n\n\n\n<p>11h15-12h. Estelle Bauer (Institut National des Langues et Civilisations Orientales) :&nbsp;\u00ab&nbsp;Montrer les faits pour aider \u00e0 comprendre&nbsp;\u00bb : le r\u00f4le des gravures dans la premi\u00e8re \u00e9dition illustr\u00e9e du&nbsp;<em>Dit du Genji<\/em>&nbsp;(1650-1654)<\/p>\n\n\n\n<p>12h-12h45. Christophe Marquet (\u00c9cole fran\u00e7aise d\u2019Extr\u00eame-Orient, en visio)&nbsp;: Lire les images populaires d\u2019\u00d4tsu de l\u2019\u00e9poque d&rsquo;Edo : inscriptions, \u00e9loges et po\u00e8mes moraux<\/p>\n\n\n\n<p><em>Apr\u00e8s-midi<\/em><\/p>\n\n\n\n<p>Mod\u00e9rateur : \u00c9douard L\u2019H\u00e9risson (Institut National des Langues et Civilisations Orientales)<\/p>\n\n\n\n<p>14h30-15h30.&nbsp;Sharalyn Orbaugh (University of British Columbia) :&nbsp;The War Between Text and Image: Anti-war Messages in Japan\u2019s World War Two Popular Culture Propaganda<\/p>\n\n\n\n<p>15h30-16h15. Ken Daimaru (Universit\u00e9 Paris Cit\u00e9)&nbsp;: Voir et savoir. Une approche visuelle du corps humain dans la guerre Russo-japonaise<\/p>\n\n\n\n<p><em>Pause<\/em><\/p>\n\n\n\n<p>16h30-17h15.&nbsp;Clara-Akiko Wartelle-Sakamoto (Universit\u00e9 Paris Cit\u00e9)&nbsp;: Les albums illustr\u00e9s chez Fukuikan-shoten<\/p>\n\n\n\n<p>17h15-18h00&nbsp;: Discussion<\/p>\n","protected":false},"excerpt":{"rendered":"<p>Estelle Bauer et Marianne Simon-Oikawa ont le plaisir de vous annoncer la tenue d\u2019une journ\u00e9e d\u2019\u00e9tude intitul\u00e9e : \u00ab\u00a0Lire les images, lire avec les images \/ Reading Images, Reading with Images\u00ab\u00a0 Vendredi 10 novembre 2023, Amphi Turing, B\u00e2timent Sophie-Germain, Universit\u00e9&hellip;&nbsp;<a href=\"http:\/\/sfej.asso.fr\/?p=5196\" class=\"more-link\">Lire la suite<\/a><\/p>\n","protected":false},"author":3,"featured_media":0,"comment_status":"closed","ping_status":"closed","sticky":false,"template":"","format":"standard","meta":{"_EventAllDay":false,"_EventTimezone":"","_EventStartDate":"","_EventEndDate":"","_EventStartDateUTC":"","_EventEndDateUTC":"","_EventShowMap":false,"_EventShowMapLink":false,"_EventURL":"","_EventCost":"","_EventCostDescription":"","_EventCurrencySymbol":"","_EventCurrencyCode":"","_EventCurrencyPosition":"","_EventDateTimeSeparator":"","_EventTimeRangeSeparator":"","_EventOrganizerID":[],"_EventVenueID":[],"_OrganizerEmail":"","_OrganizerPhone":"","_OrganizerWebsite":"","_VenueAddress":"","_VenueCity":"","_VenueCountry":"","_VenueProvince":"","_VenueState":"","_VenueZip":"","_VenuePhone":"","_VenueURL":"","_VenueStateProvince":"","_VenueLat":"","_VenueLng":"","_VenueShowMap":false,"_VenueShowMapLink":false,"footnotes":""},"categories":[28,30],"tags":[],"class_list":["post-5196","post","type-post","status-publish","format-standard","hentry","category-actualites","category-colloque"],"_links":{"self":[{"href":"http:\/\/sfej.asso.fr\/index.php?rest_route=\/wp\/v2\/posts\/5196","targetHints":{"allow":["GET"]}}],"collection":[{"href":"http:\/\/sfej.asso.fr\/index.php?rest_route=\/wp\/v2\/posts"}],"about":[{"href":"http:\/\/sfej.asso.fr\/index.php?rest_route=\/wp\/v2\/types\/post"}],"author":[{"embeddable":true,"href":"http:\/\/sfej.asso.fr\/index.php?rest_route=\/wp\/v2\/users\/3"}],"replies":[{"embeddable":true,"href":"http:\/\/sfej.asso.fr\/index.php?rest_route=%2Fwp%2Fv2%2Fcomments&post=5196"}],"version-history":[{"count":1,"href":"http:\/\/sfej.asso.fr\/index.php?rest_route=\/wp\/v2\/posts\/5196\/revisions"}],"predecessor-version":[{"id":5197,"href":"http:\/\/sfej.asso.fr\/index.php?rest_route=\/wp\/v2\/posts\/5196\/revisions\/5197"}],"wp:attachment":[{"href":"http:\/\/sfej.asso.fr\/index.php?rest_route=%2Fwp%2Fv2%2Fmedia&parent=5196"}],"wp:term":[{"taxonomy":"category","embeddable":true,"href":"http:\/\/sfej.asso.fr\/index.php?rest_route=%2Fwp%2Fv2%2Fcategories&post=5196"},{"taxonomy":"post_tag","embeddable":true,"href":"http:\/\/sfej.asso.fr\/index.php?rest_route=%2Fwp%2Fv2%2Ftags&post=5196"}],"curies":[{"name":"wp","href":"https:\/\/api.w.org\/{rel}","templated":true}]}}