{"id":5200,"date":"2023-09-19T10:30:20","date_gmt":"2023-09-19T08:30:20","guid":{"rendered":"http:\/\/sfej.asso.fr\/?p=5200"},"modified":"2023-09-19T10:30:21","modified_gmt":"2023-09-19T08:30:21","slug":"projections-debatsfenetres-sur-le-japon-programme","status":"publish","type":"post","link":"http:\/\/sfej.asso.fr\/?p=5200","title":{"rendered":"[Projections\/d\u00e9bats]\u00a0\u00bbFen\u00eatres sur le Japon\u00a0\u00bb &#8211; Programme"},"content":{"rendered":"\n<p>Voici le programme des projections\/d\u00e9bats de <strong><a href=\"https:\/\/fenetres-japon.fr\/\" data-type=\"link\" data-id=\"https:\/\/fenetres-japon.fr\/\">Fen\u00eatres sur le Japon<\/a><\/strong> pour les semaines \u00e0 venir : <\/p>\n\n\n\n<h3 class=\"wp-block-heading has-vivid-red-color has-text-color\">Paris<\/h3>\n\n\n\n<p><em><strong><a href=\"https:\/\/fenetres-japon.fr\/?p=1052\">Vivre \u00e0 Tatekawa<\/a><\/strong><\/em>&nbsp;[\u7aea\u5ddd\u306b\u751f\u304d\u308b], de YAMAMOTO Y\u014dko<\/p>\n\n\n\n<p><strong>\u2192<\/strong>&nbsp;<strong>mardi 14 novembre 2023<\/strong>&nbsp;\u00e0 20 h 30 au&nbsp;<a href=\"https:\/\/www.forumdesimages.fr\/\">Forum des images<\/a>.<\/p>\n\n\n\n<p>La projection sera suivie d\u2019une&nbsp;<strong>discussion avec la r\u00e9alisatrice<\/strong>&nbsp;anim\u00e9e par Nicolas Pinet.<\/p>\n\n\n\n<p><a href=\"https:\/\/fenetres-japon.fr\/?p=697\"><strong>Deuxi\u00e8me \u00e9dition du festival de films documentaires Fen\u00eatres sur le Japon<\/strong><\/a><\/p>\n\n\n\n<p><strong>\u2192<\/strong><strong>17 &amp; 18 Novembre 2023&nbsp;<\/strong>\u00e0 l\u2019INALCO et \u00e0 l&rsquo;universit\u00e9 Paris-Cit\u00e9 (programme en cours de finalisation)<\/p>\n\n\n\n<h3 class=\"wp-block-heading has-vivid-red-color has-text-color\">Annecy<\/h3>\n\n\n\n<p><a href=\"https:\/\/fenetres-japon.fr\/?p=554\"><em><strong>Une fourmi contre-attaque<\/strong><\/em><\/a>&nbsp;[\u30a2\u30ea\u5730\u7344\u5929\u56fd] (2019), de TSUCHIYA Tokachi<br><strong>\u2192 vendredi 22 septembre<\/strong>&nbsp;\u00e0 19 h 00 au&nbsp;<a href=\"https:\/\/www.letelepherique.org\/actualit%C3%A9s-fen%C3%AAtre-sur-le-japon-566-257-0-0.html\"><strong>T\u00e9l\u00e9ph\u00e9rique<\/strong><\/a>&nbsp;(Cin\u00e9math\u00e8que des pays de Savoie et de l\u2019Ain \u2013 12 bis Route d\u2019Annecy 74290 Veyrier-du-Lac).&nbsp;<\/p>\n\n\n\n<p>La s\u00e9ance sera suivie d\u2019une&nbsp;<strong>discussion avec Charlotte Lamotte<\/strong>, anthropologue et sp\u00e9cialiste du Japon, enseignante \u00e0 l\u2019universit\u00e9 de Grenoble-Alpes,&nbsp;<strong>et Dimitri Ianni<\/strong>.<br><br><a href=\"https:\/\/fenetres-japon.fr\/?p=550\"><em><strong>\u00c9couter le ciel<\/strong><\/em><\/a>&nbsp;[\u7a7a\u306b\u805e\u304f] (2018), de KOMORI Haruka<br><strong>\u2192 samedi 23 septembre<\/strong>&nbsp;\u00e0 19 h 00 au&nbsp;<a href=\"https:\/\/www.letelepherique.org\/actualit%C3%A9s-fen%C3%AAtre-sur-le-japon-566-257-0-0.html\"><strong>T\u00e9l\u00e9ph\u00e9rique<\/strong><\/a>&nbsp;(Cin\u00e9math\u00e8que des pays de Savoie et de l\u2019Ain \u2013 12 bis Route d\u2019Annecy 74290 Veyrier-du-Lac).&nbsp;<\/p>\n\n\n\n<p>La s\u00e9ance sera suivie d\u2019une&nbsp;<strong>discussion avec Charlotte Lamotte<\/strong>, anthropologue et sp\u00e9cialiste du Japon, enseignante \u00e0 l\u2019universit\u00e9 de Grenoble-Alpes, et&nbsp;<strong>Dimitri Ianni<\/strong>.<br><br><a href=\"https:\/\/fenetres-japon.fr\/?p=505\"><em><strong>Mon troupeau irradi\u00e9<\/strong><\/em><\/a>&nbsp;[\u88ab\u3070\u304f\u725b\u3068\u751f\u304d\u308b] (2016), de MATSUBARA Tamotsu<br><strong>\u2192 dimanche 24 septembre<\/strong>&nbsp;\u00e0 16 h 30 au&nbsp;<a href=\"https:\/\/www.letelepherique.org\/actualit%C3%A9s-fen%C3%AAtre-sur-le-japon-566-257-0-0.html\"><strong>T\u00e9l\u00e9ph\u00e9rique&nbsp;<\/strong><\/a>(Cin\u00e9math\u00e8que des pays de Savoie et de l\u2019Ain \u2013 12 bis Route d\u2019Annecy 74290 Veyrier-du-Lac).<\/p>\n\n\n\n<p>La projection sera suivie d\u2019une&nbsp;<strong>discussion avec Kurumi Sugita, anthropologue et chercheuse retrait\u00e9e du CNRS, et Sonia Marmottant<\/strong>, de l\u2019association&nbsp;<a target=\"_blank\" href=\"https:\/\/nosvoisinslointains311.home.blog\/\" rel=\"noreferrer noopener\"><strong>Nos Voisins lointains 3.11<\/strong><\/a>.<\/p>\n","protected":false},"excerpt":{"rendered":"<p>Voici le programme des projections\/d\u00e9bats de Fen\u00eatres sur le Japon pour les semaines \u00e0 venir : Paris Vivre \u00e0 Tatekawa&nbsp;[\u7aea\u5ddd\u306b\u751f\u304d\u308b], de YAMAMOTO Y\u014dko \u2192&nbsp;mardi 14 novembre 2023&nbsp;\u00e0 20 h 30 au&nbsp;Forum des images. La projection sera suivie d\u2019une&nbsp;discussion avec la&hellip;&nbsp;<a href=\"http:\/\/sfej.asso.fr\/?p=5200\" class=\"more-link\">Lire la suite<\/a><\/p>\n","protected":false},"author":3,"featured_media":0,"comment_status":"closed","ping_status":"closed","sticky":false,"template":"","format":"standard","meta":{"_EventAllDay":false,"_EventTimezone":"","_EventStartDate":"","_EventEndDate":"","_EventStartDateUTC":"","_EventEndDateUTC":"","_EventShowMap":false,"_EventShowMapLink":false,"_EventURL":"","_EventCost":"","_EventCostDescription":"","_EventCurrencySymbol":"","_EventCurrencyCode":"","_EventCurrencyPosition":"","_EventDateTimeSeparator":"","_EventTimeRangeSeparator":"","_EventOrganizerID":[],"_EventVenueID":[],"_OrganizerEmail":"","_OrganizerPhone":"","_OrganizerWebsite":"","_VenueAddress":"","_VenueCity":"","_VenueCountry":"","_VenueProvince":"","_VenueState":"","_VenueZip":"","_VenuePhone":"","_VenueURL":"","_VenueStateProvince":"","_VenueLat":"","_VenueLng":"","_VenueShowMap":false,"_VenueShowMapLink":false,"footnotes":""},"categories":[28,35],"tags":[],"class_list":["post-5200","post","type-post","status-publish","format-standard","hentry","category-actualites","category-evenements"],"_links":{"self":[{"href":"http:\/\/sfej.asso.fr\/index.php?rest_route=\/wp\/v2\/posts\/5200","targetHints":{"allow":["GET"]}}],"collection":[{"href":"http:\/\/sfej.asso.fr\/index.php?rest_route=\/wp\/v2\/posts"}],"about":[{"href":"http:\/\/sfej.asso.fr\/index.php?rest_route=\/wp\/v2\/types\/post"}],"author":[{"embeddable":true,"href":"http:\/\/sfej.asso.fr\/index.php?rest_route=\/wp\/v2\/users\/3"}],"replies":[{"embeddable":true,"href":"http:\/\/sfej.asso.fr\/index.php?rest_route=%2Fwp%2Fv2%2Fcomments&post=5200"}],"version-history":[{"count":1,"href":"http:\/\/sfej.asso.fr\/index.php?rest_route=\/wp\/v2\/posts\/5200\/revisions"}],"predecessor-version":[{"id":5201,"href":"http:\/\/sfej.asso.fr\/index.php?rest_route=\/wp\/v2\/posts\/5200\/revisions\/5201"}],"wp:attachment":[{"href":"http:\/\/sfej.asso.fr\/index.php?rest_route=%2Fwp%2Fv2%2Fmedia&parent=5200"}],"wp:term":[{"taxonomy":"category","embeddable":true,"href":"http:\/\/sfej.asso.fr\/index.php?rest_route=%2Fwp%2Fv2%2Fcategories&post=5200"},{"taxonomy":"post_tag","embeddable":true,"href":"http:\/\/sfej.asso.fr\/index.php?rest_route=%2Fwp%2Fv2%2Ftags&post=5200"}],"curies":[{"name":"wp","href":"https:\/\/api.w.org\/{rel}","templated":true}]}}