{"id":5966,"date":"2024-02-23T10:41:19","date_gmt":"2024-02-23T09:41:19","guid":{"rendered":"http:\/\/sfej.asso.fr\/?p=5966"},"modified":"2024-02-23T10:41:48","modified_gmt":"2024-02-23T09:41:48","slug":"colloque-franco-japonaisregard-juridique-sur-la-religion-en-democratie-liberale-26-fevrier-2024-9h30-18h-faculte-de-droit-universite-paris-cite","status":"publish","type":"post","link":"http:\/\/sfej.asso.fr\/?p=5966","title":{"rendered":"[Colloque franco-japonais]\u00a0\u00bbRegard juridique sur la religion en d\u00e9mocratie lib\u00e9rale\u00a0\u00bb, 26 f\u00e9vrier 2024, 9h30-18h, Facult\u00e9 de droit, Universit\u00e9 Paris Cit\u00e9, Malakoff"},"content":{"rendered":"\n<p>L&rsquo;Universit\u00e9 Paris Cit\u00e9 et l&rsquo;Universit\u00e9 Kwansei Gakuin (Japon) organisent un colloque franco-japonais intitul\u00e9 : <\/p>\n\n\n\n<h3 class=\"wp-block-heading has-text-align-center has-vivid-cyan-blue-color has-text-color has-link-color wp-elements-d9b7adce980f11d299b7bbe367fd0c32\">\u00ab\u00a0Regard juridique sur la religion en d\u00e9mocratie lib\u00e9rale<br>Entre neutralit\u00e9 des collectivit\u00e9s publiques, protection des libert\u00e9s fondamentales, gestion de la coexistence pacifique et protection des int\u00e9r\u00eats de l&rsquo;\u00c9tat\u00a0\u00bb<br>Lundi 26 f\u00e9vrier 2024, 9h30-18h<\/h3>\n\n\n\n<p><strong>Lieu<\/strong> : Salle Jean-Pierre Machelon, Facult\u00e9 de droit, d&rsquo;\u00e9conomie et de gestion, Universit\u00e9 Paris Cit\u00e9, 10 avenue Pierre Larousse, 92240 Malakoff.<\/p>\n\n\n\n<p><strong>Coordination scientifique<\/strong> : Pr Thierry Rambaud (Universit\u00e9 Paris Cit\u00e9) et Pr Takeshi Inoue (Universit\u00e9 Kwansei Gakuin); contact : <a href=\"mailto:cmh.deg@u-paris.fr\" target=\"_blank\" rel=\"noreferrer noopener\">cmh.deg@u-paris.fr<\/a><\/p>\n\n\n\n<p><strong><em><a href=\"http:\/\/sfej.asso.fr\/wp-content\/uploads\/2024\/02\/Programme-colloque-26022024-v3.pdf\" data-type=\"link\" data-id=\"http:\/\/sfej.asso.fr\/wp-content\/uploads\/2024\/02\/Programme-colloque-26022024-v3.pdf\">Programme du colloque sur ce lien.<\/a><\/em><\/strong> <\/p>\n","protected":false},"excerpt":{"rendered":"<p>L&rsquo;Universit\u00e9 Paris Cit\u00e9 et l&rsquo;Universit\u00e9 Kwansei Gakuin (Japon) organisent un colloque franco-japonais intitul\u00e9 : \u00ab\u00a0Regard juridique sur la religion en d\u00e9mocratie lib\u00e9raleEntre neutralit\u00e9 des collectivit\u00e9s publiques, protection des libert\u00e9s fondamentales, gestion de la coexistence pacifique et protection des int\u00e9r\u00eats de&hellip;&nbsp;<a href=\"http:\/\/sfej.asso.fr\/?p=5966\" class=\"more-link\">Lire la suite<\/a><\/p>\n","protected":false},"author":3,"featured_media":0,"comment_status":"closed","ping_status":"closed","sticky":false,"template":"","format":"standard","meta":{"_EventAllDay":false,"_EventTimezone":"","_EventStartDate":"","_EventEndDate":"","_EventStartDateUTC":"","_EventEndDateUTC":"","_EventShowMap":false,"_EventShowMapLink":false,"_EventURL":"","_EventCost":"","_EventCostDescription":"","_EventCurrencySymbol":"","_EventCurrencyCode":"","_EventCurrencyPosition":"","_EventDateTimeSeparator":"","_EventTimeRangeSeparator":"","_EventOrganizerID":[],"_EventVenueID":[],"_OrganizerEmail":"","_OrganizerPhone":"","_OrganizerWebsite":"","_VenueAddress":"","_VenueCity":"","_VenueCountry":"","_VenueProvince":"","_VenueState":"","_VenueZip":"","_VenuePhone":"","_VenueURL":"","_VenueStateProvince":"","_VenueLat":"","_VenueLng":"","_VenueShowMap":false,"_VenueShowMapLink":false,"footnotes":""},"categories":[28,30],"tags":[302],"class_list":["post-5966","post","type-post","status-publish","format-standard","hentry","category-actualites","category-colloque","tag-sfej"],"_links":{"self":[{"href":"http:\/\/sfej.asso.fr\/index.php?rest_route=\/wp\/v2\/posts\/5966","targetHints":{"allow":["GET"]}}],"collection":[{"href":"http:\/\/sfej.asso.fr\/index.php?rest_route=\/wp\/v2\/posts"}],"about":[{"href":"http:\/\/sfej.asso.fr\/index.php?rest_route=\/wp\/v2\/types\/post"}],"author":[{"embeddable":true,"href":"http:\/\/sfej.asso.fr\/index.php?rest_route=\/wp\/v2\/users\/3"}],"replies":[{"embeddable":true,"href":"http:\/\/sfej.asso.fr\/index.php?rest_route=%2Fwp%2Fv2%2Fcomments&post=5966"}],"version-history":[{"count":4,"href":"http:\/\/sfej.asso.fr\/index.php?rest_route=\/wp\/v2\/posts\/5966\/revisions"}],"predecessor-version":[{"id":5971,"href":"http:\/\/sfej.asso.fr\/index.php?rest_route=\/wp\/v2\/posts\/5966\/revisions\/5971"}],"wp:attachment":[{"href":"http:\/\/sfej.asso.fr\/index.php?rest_route=%2Fwp%2Fv2%2Fmedia&parent=5966"}],"wp:term":[{"taxonomy":"category","embeddable":true,"href":"http:\/\/sfej.asso.fr\/index.php?rest_route=%2Fwp%2Fv2%2Fcategories&post=5966"},{"taxonomy":"post_tag","embeddable":true,"href":"http:\/\/sfej.asso.fr\/index.php?rest_route=%2Fwp%2Fv2%2Ftags&post=5966"}],"curies":[{"name":"wp","href":"https:\/\/api.w.org\/{rel}","templated":true}]}}