{"id":5974,"date":"2024-02-23T17:39:44","date_gmt":"2024-02-23T16:39:44","guid":{"rendered":"http:\/\/sfej.asso.fr\/?p=5974"},"modified":"2024-02-23T17:40:51","modified_gmt":"2024-02-23T16:40:51","slug":"appel-a-communication-revue-asiatische-studien-etudes-asiatiques-de-gruyter-propositions-darticles-avant-le-31-juillet-2024","status":"publish","type":"post","link":"http:\/\/sfej.asso.fr\/?p=5974","title":{"rendered":"[Appel \u00e0 communication] Revue Asiatische Studien. \u00c9tudes asiatiques (De Gruyter), propositions d&rsquo;articles \u00e0 soumettre avant le 31 juillet 2024"},"content":{"rendered":"\n<p>Le Japon est sans aucun doute l\u2019un des acteurs les plus \u00e9minents de la communaut\u00e9 scientifique mondiale. Cependant, au niveau th\u00e9orique on peut encore d\u00e9plorer une circulation \u00e0 sens unique des m\u00e9thodes en usage dans les sciences humaines et sociales. Si les approches et les concepts th\u00e9oriques occidentaux sont largement accept\u00e9s et mobilis\u00e9s au Japon, l\u2019influence et la r\u00e9ception des mod\u00e8les \u00e9labor\u00e9s au Japon sont extr\u00eamement limit\u00e9s dans le monde occidental.<\/p>\n\n\n\n<p>Les \u00e9diteurs et \u00e9ditrices du prochain num\u00e9ro de la revue\u00a0<em><strong>Asiatische Studien. Etudes asiatiques<\/strong><\/em>\u00a0(De Gruyter) consacr\u00e9 au Japon (vol. 79, n\u00b0 3, 2025) souhaitent inviter des articles cherchant \u00e0 pr\u00e9senter et \u00e0 d\u00e9velopper les innovations th\u00e9oriques propos\u00e9es par les sciences humaines et sociales japonaises, ainsi que leur contribution potentielle en Europe et en Am\u00e9rique du Nord.<\/p>\n\n\n\n<p><strong><em>Les articles peuvent \u00eatre r\u00e9dig\u00e9s en fran\u00e7ais, en anglais et en allemand, et seront soumis \u00e0 un examen en double aveugle avant la publication.<\/em><\/strong><\/p>\n\n\n\n<p><span style=\"text-decoration: underline;\">La date limite pour la soumission des articles est le 31 juillet 2024.<\/span><\/p>\n\n\n\n<p>Les articles doivent \u00eatre soumis \u00e0 l\u2019adresse suivante :&nbsp;<\/p>\n\n\n\n<p><a href=\"https:\/\/mc.manuscriptcentral.com\/asia\">https:\/\/mc.manuscriptcentral.com\/asia<\/a><\/p>\n\n\n\n<p>La feuille de style est disponible ici :<\/p>\n\n\n\n<p><a href=\"https:\/\/www.degruyter.com\/publication\/journal_key\/ASIA\/downloadAsset\/ASIA_Style%20Sheet--en.pdf\">https:\/\/www.degruyter.com\/publication\/journal_key\/ASIA\/downloadAsset\/ASIA_Style Sheet&#8211;en.pdf<\/a><\/p>\n\n\n\n<p>Site de la revue :<\/p>\n\n\n\n<p><a href=\"https:\/\/www.degruyter.com\/journal\/key\/asia\/html\">https:\/\/www.degruyter.com\/journal\/key\/asia\/html<\/a><\/p>\n\n\n\n<p>La revue est \u00e9dit\u00e9e sous la direction scientifique de la Soci\u00e9t\u00e9 Suisse-Asie :<\/p>\n\n\n\n<p><a href=\"https:\/\/www.sagw.ch\/asiengesellschaft\">https:\/\/www.sagw.ch\/asiengesellschaft<\/a><\/p>\n\n\n\n<p>N\u2019h\u00e9sitez pas \u00e0 contacter l\u2019\u00e9quipe \u00e9ditoriale pour toute information compl\u00e9mentaire :<\/p>\n\n\n\n<ul class=\"wp-block-list\">\n<li>Claire-Akiko Brisset : claire-akiko.brisset(at)<a href=\"http:\/\/unige.ch\/\">unige.ch<\/a><\/li>\n\n\n\n<li>David Chiavacci : david.chiavacci(at)<a href=\"http:\/\/aoi.uzh.ch\/\">aoi.uzh.ch<\/a><\/li>\n\n\n\n<li>Simone M\u00fcller : simone.mueller(at)<a href=\"http:\/\/aoi.uzh.ch\/\">aoi.uzh.ch<\/a><\/li>\n\n\n\n<li>Raji Steineck : raji.steineck(at)<a href=\"http:\/\/aoi.uzh.ch\/\">aoi.uzh.ch<\/a><\/li>\n<\/ul>\n","protected":false},"excerpt":{"rendered":"<p>Le Japon est sans aucun doute l\u2019un des acteurs les plus \u00e9minents de la communaut\u00e9 scientifique mondiale. Cependant, au niveau th\u00e9orique on peut encore d\u00e9plorer une circulation \u00e0 sens unique des m\u00e9thodes en usage dans les sciences humaines et sociales.&hellip;&nbsp;<a href=\"http:\/\/sfej.asso.fr\/?p=5974\" class=\"more-link\">Lire la suite<\/a><\/p>\n","protected":false},"author":3,"featured_media":0,"comment_status":"closed","ping_status":"closed","sticky":false,"template":"","format":"standard","meta":{"_EventAllDay":false,"_EventTimezone":"","_EventStartDate":"","_EventEndDate":"","_EventStartDateUTC":"","_EventEndDateUTC":"","_EventShowMap":false,"_EventShowMapLink":false,"_EventURL":"","_EventCost":"","_EventCostDescription":"","_EventCurrencySymbol":"","_EventCurrencyCode":"","_EventCurrencyPosition":"","_EventDateTimeSeparator":"","_EventTimeRangeSeparator":"","_EventOrganizerID":[],"_EventVenueID":[],"_OrganizerEmail":"","_OrganizerPhone":"","_OrganizerWebsite":"","_VenueAddress":"","_VenueCity":"","_VenueCountry":"","_VenueProvince":"","_VenueState":"","_VenueZip":"","_VenuePhone":"","_VenueURL":"","_VenueStateProvince":"","_VenueLat":"","_VenueLng":"","_VenueShowMap":false,"_VenueShowMapLink":false,"footnotes":""},"categories":[28,29],"tags":[],"class_list":["post-5974","post","type-post","status-publish","format-standard","hentry","category-actualites","category-appel"],"_links":{"self":[{"href":"http:\/\/sfej.asso.fr\/index.php?rest_route=\/wp\/v2\/posts\/5974","targetHints":{"allow":["GET"]}}],"collection":[{"href":"http:\/\/sfej.asso.fr\/index.php?rest_route=\/wp\/v2\/posts"}],"about":[{"href":"http:\/\/sfej.asso.fr\/index.php?rest_route=\/wp\/v2\/types\/post"}],"author":[{"embeddable":true,"href":"http:\/\/sfej.asso.fr\/index.php?rest_route=\/wp\/v2\/users\/3"}],"replies":[{"embeddable":true,"href":"http:\/\/sfej.asso.fr\/index.php?rest_route=%2Fwp%2Fv2%2Fcomments&post=5974"}],"version-history":[{"count":3,"href":"http:\/\/sfej.asso.fr\/index.php?rest_route=\/wp\/v2\/posts\/5974\/revisions"}],"predecessor-version":[{"id":5978,"href":"http:\/\/sfej.asso.fr\/index.php?rest_route=\/wp\/v2\/posts\/5974\/revisions\/5978"}],"wp:attachment":[{"href":"http:\/\/sfej.asso.fr\/index.php?rest_route=%2Fwp%2Fv2%2Fmedia&parent=5974"}],"wp:term":[{"taxonomy":"category","embeddable":true,"href":"http:\/\/sfej.asso.fr\/index.php?rest_route=%2Fwp%2Fv2%2Fcategories&post=5974"},{"taxonomy":"post_tag","embeddable":true,"href":"http:\/\/sfej.asso.fr\/index.php?rest_route=%2Fwp%2Fv2%2Ftags&post=5974"}],"curies":[{"name":"wp","href":"https:\/\/api.w.org\/{rel}","templated":true}]}}