{"id":6003,"date":"2024-02-26T16:19:40","date_gmt":"2024-02-26T15:19:40","guid":{"rendered":"http:\/\/sfej.asso.fr\/?p=6003"},"modified":"2024-02-26T16:19:40","modified_gmt":"2024-02-26T15:19:40","slug":"rencontres-association-interdisciplinaire-des-ethnographies-japonaises-7-8-mars-2024-paris","status":"publish","type":"post","link":"http:\/\/sfej.asso.fr\/?p=6003","title":{"rendered":"[Rencontres] Association interdisciplinaire des ethnographies japonaises, 7 &#038; 8 mars 2024, Paris"},"content":{"rendered":"\n<p>Nous avons le plaisir de vous annoncer que les troisi\u00e8mes&nbsp;<strong>Rencontres de l&rsquo;Association interdisciplinaire des ethnographies&nbsp;japonaises<\/strong>&nbsp;auront lieu&nbsp;<strong>les jeudi 7&nbsp;(Universit\u00e9 Paris Cit\u00e9)&nbsp;<\/strong>et&nbsp;<strong>vendredi 8 mars 2024 (Maison de la Recherche de l&rsquo;Inalco)<\/strong>.<\/p>\n\n\n\n<p>Ces deux journ\u00e9es d&rsquo;\u00e9tude sont ouvertes \u00e0 toutes et tous, d\u00e8s lors que l\u2019ethnographie joue un r\u00f4le central dans la recherche. Le programme de ces deux journ\u00e9es est accessible <em><a href=\"http:\/\/sfej.asso.fr\/wp-content\/uploads\/2024\/02\/Programme_terrains-japonaisVFF.pdf\" data-type=\"link\" data-id=\"http:\/\/sfej.asso.fr\/wp-content\/uploads\/2024\/02\/Programme_terrains-japonaisVFF.pdf\">sur ce lien<\/a><\/em> et une projection du film est pr\u00e9vue pour le 7 mars au soir.<\/p>\n\n\n\n<p>N&rsquo;h\u00e9sitez pas \u00e0 faire circuler l&rsquo;annonce dans vos r\u00e9seaux et aupr\u00e8s de vos \u00e9tudiants.\u00a0<\/p>\n\n\n\n<p>Jean-Michel Butel, C\u00e9sar Castellvi et Naoko Tokumitsu.<\/p>\n\n\n<div class=\"wp-block-image\">\n<figure class=\"aligncenter size-full\"><img loading=\"lazy\" decoding=\"async\" width=\"1374\" height=\"1946\" src=\"http:\/\/sfej.asso.fr\/wp-content\/uploads\/2024\/02\/Terrains-japonais.jpg\" alt=\"\" class=\"wp-image-6006\" srcset=\"http:\/\/sfej.asso.fr\/wp-content\/uploads\/2024\/02\/Terrains-japonais.jpg 1374w, http:\/\/sfej.asso.fr\/wp-content\/uploads\/2024\/02\/Terrains-japonais-212x300.jpg 212w, http:\/\/sfej.asso.fr\/wp-content\/uploads\/2024\/02\/Terrains-japonais-723x1024.jpg 723w, http:\/\/sfej.asso.fr\/wp-content\/uploads\/2024\/02\/Terrains-japonais-768x1088.jpg 768w, http:\/\/sfej.asso.fr\/wp-content\/uploads\/2024\/02\/Terrains-japonais-1085x1536.jpg 1085w, http:\/\/sfej.asso.fr\/wp-content\/uploads\/2024\/02\/Terrains-japonais-191x270.jpg 191w\" sizes=\"auto, (max-width: 1374px) 100vw, 1374px\" \/><\/figure>\n<\/div>","protected":false},"excerpt":{"rendered":"<p>Nous avons le plaisir de vous annoncer que les troisi\u00e8mes&nbsp;Rencontres de l&rsquo;Association interdisciplinaire des ethnographies&nbsp;japonaises&nbsp;auront lieu&nbsp;les jeudi 7&nbsp;(Universit\u00e9 Paris Cit\u00e9)&nbsp;et&nbsp;vendredi 8 mars 2024 (Maison de la Recherche de l&rsquo;Inalco). Ces deux journ\u00e9es d&rsquo;\u00e9tude sont ouvertes \u00e0 toutes et tous, d\u00e8s&hellip;&nbsp;<a href=\"http:\/\/sfej.asso.fr\/?p=6003\" class=\"more-link\">Lire la suite<\/a><\/p>\n","protected":false},"author":3,"featured_media":0,"comment_status":"closed","ping_status":"closed","sticky":false,"template":"","format":"standard","meta":{"_EventAllDay":false,"_EventTimezone":"","_EventStartDate":"","_EventEndDate":"","_EventStartDateUTC":"","_EventEndDateUTC":"","_EventShowMap":false,"_EventShowMapLink":false,"_EventURL":"","_EventCost":"","_EventCostDescription":"","_EventCurrencySymbol":"","_EventCurrencyCode":"","_EventCurrencyPosition":"","_EventDateTimeSeparator":"","_EventTimeRangeSeparator":"","_EventOrganizerID":[],"_EventVenueID":[],"_OrganizerEmail":"","_OrganizerPhone":"","_OrganizerWebsite":"","_VenueAddress":"","_VenueCity":"","_VenueCountry":"","_VenueProvince":"","_VenueState":"","_VenueZip":"","_VenuePhone":"","_VenueURL":"","_VenueStateProvince":"","_VenueLat":"","_VenueLng":"","_VenueShowMap":false,"_VenueShowMapLink":false,"footnotes":""},"categories":[28,30],"tags":[],"class_list":["post-6003","post","type-post","status-publish","format-standard","hentry","category-actualites","category-colloque"],"_links":{"self":[{"href":"http:\/\/sfej.asso.fr\/index.php?rest_route=\/wp\/v2\/posts\/6003","targetHints":{"allow":["GET"]}}],"collection":[{"href":"http:\/\/sfej.asso.fr\/index.php?rest_route=\/wp\/v2\/posts"}],"about":[{"href":"http:\/\/sfej.asso.fr\/index.php?rest_route=\/wp\/v2\/types\/post"}],"author":[{"embeddable":true,"href":"http:\/\/sfej.asso.fr\/index.php?rest_route=\/wp\/v2\/users\/3"}],"replies":[{"embeddable":true,"href":"http:\/\/sfej.asso.fr\/index.php?rest_route=%2Fwp%2Fv2%2Fcomments&post=6003"}],"version-history":[{"count":2,"href":"http:\/\/sfej.asso.fr\/index.php?rest_route=\/wp\/v2\/posts\/6003\/revisions"}],"predecessor-version":[{"id":6007,"href":"http:\/\/sfej.asso.fr\/index.php?rest_route=\/wp\/v2\/posts\/6003\/revisions\/6007"}],"wp:attachment":[{"href":"http:\/\/sfej.asso.fr\/index.php?rest_route=%2Fwp%2Fv2%2Fmedia&parent=6003"}],"wp:term":[{"taxonomy":"category","embeddable":true,"href":"http:\/\/sfej.asso.fr\/index.php?rest_route=%2Fwp%2Fv2%2Fcategories&post=6003"},{"taxonomy":"post_tag","embeddable":true,"href":"http:\/\/sfej.asso.fr\/index.php?rest_route=%2Fwp%2Fv2%2Ftags&post=6003"}],"curies":[{"name":"wp","href":"https:\/\/api.w.org\/{rel}","templated":true}]}}