{"id":6045,"date":"2024-02-28T18:52:07","date_gmt":"2024-02-28T17:52:07","guid":{"rendered":"http:\/\/sfej.asso.fr\/?p=6045"},"modified":"2024-02-28T18:52:08","modified_gmt":"2024-02-28T17:52:08","slug":"deces-m-yamaguchi-koichi-le-23-fevrier-2024","status":"publish","type":"post","link":"http:\/\/sfej.asso.fr\/?p=6045","title":{"rendered":"[D\u00e9c\u00e8s] M. Yamaguchi K\u014dichi, le 23 f\u00e9vrier 2024"},"content":{"rendered":"\n<p>Le d\u00e9partement d\u2019\u00e9tudes japonaises de l\u2019Universit\u00e9 Jean Moulin Lyon 3 a la tristesse d\u2019annoncer le d\u00e9c\u00e8s de M.Yamaguchi K\u014dichi, survenu le vendredi 23 f\u00e9vrier 2024 \u00e0 l\u2019H\u00f4pital St Joseph de Lyon.<\/p>\n\n\n\n<p>N\u00e9 le 17 f\u00e9vrier 1949, Yamaguchi sensei avait grandi sur l\u2019\u00eele septentrionale de Hokkaid\u014d. Recrut\u00e9 \u00e0 Lyon 3 par le Professeur Jean Cholley en 1989, il \u00e9tait dipl\u00f4m\u00e9 d\u2019un doctorat en sciences agricoles de l\u2019Universit\u00e9 T\u014dky\u014d n\u014dgy\u014d daigaku, et a assur\u00e9 pendant une trentaine d\u2019ann\u00e9es de nombreux cours dans notre d\u00e9partement en tant que vacataire, \u00e0 la fois dans les fili\u00e8res LLCER et LEA et lors de cours du soir dans le cadre du DU de langue japonaise. Tr\u00e8s int\u00e9ress\u00e9 par la po\u00e9sie japonaise, il a coorganis\u00e9 avec Monsieur Ishida, pr\u00e9sident de l\u2019association <em>Tanka no tsubasa<\/em>, deux journ\u00e9es d\u2019\u00e9tude internationales intitul\u00e9es <em>Tanka in Lyon<\/em> \u00e0 l\u2019Universit\u00e9 Lyon 3 les 5 et 6 septembre 2013.\u00a0<\/p>\n\n\n\n<p>Tous ceux qui ont c\u00f4toy\u00e9 Yamaguchi sensei garderont le souvenir de sa gentillesse, de sa gait\u00e9 et de son extraordinaire d\u00e9vouement. Il \u00e9tait une personnalit\u00e9 tr\u00e8s ouverte, aimable, aimant rendre service, portant toujours de si nombreux bagages qu\u2019il pouvait donner l\u2019impression d\u2019\u00eatre le P\u00e8re No\u00ebl.\u00a0<\/p>\n\n\n\n<p>Guide touristique aupr\u00e8s de l\u2019Office du tourisme de Lyon, il a \u00e9galement fait visiter la ville de Lyon et la r\u00e9gion \u00e0 bon nombre de touristes japonais, aimant par exemple les emmener sur les traces d\u2019Antoine de Saint-Exup\u00e9ry.&nbsp;<\/p>\n\n\n\n<p>Nous pr\u00e9sentons \u00e0 sa famille nos plus sinc\u00e8res condol\u00e9ances en nous associant pleinement \u00e0 sa peine.<\/p>\n\n\n\n<p>Ses obs\u00e8ques auront lieu vendredi 1er mars \u00e0 10h45 au Cr\u00e9matorium de Lyon &#8211; 17 rue Pierre Delore, 69008 Lyon<\/p>\n","protected":false},"excerpt":{"rendered":"<p>Le d\u00e9partement d\u2019\u00e9tudes japonaises de l\u2019Universit\u00e9 Jean Moulin Lyon 3 a la tristesse d\u2019annoncer le d\u00e9c\u00e8s de M.Yamaguchi K\u014dichi, survenu le vendredi 23 f\u00e9vrier 2024 \u00e0 l\u2019H\u00f4pital St Joseph de Lyon. N\u00e9 le 17 f\u00e9vrier 1949, Yamaguchi sensei avait grandi&hellip;&nbsp;<a href=\"http:\/\/sfej.asso.fr\/?p=6045\" class=\"more-link\">Lire la suite<\/a><\/p>\n","protected":false},"author":3,"featured_media":0,"comment_status":"closed","ping_status":"closed","sticky":false,"template":"","format":"standard","meta":{"_EventAllDay":false,"_EventTimezone":"","_EventStartDate":"","_EventEndDate":"","_EventStartDateUTC":"","_EventEndDateUTC":"","_EventShowMap":false,"_EventShowMapLink":false,"_EventURL":"","_EventCost":"","_EventCostDescription":"","_EventCurrencySymbol":"","_EventCurrencyCode":"","_EventCurrencyPosition":"","_EventDateTimeSeparator":"","_EventTimeRangeSeparator":"","_EventOrganizerID":[],"_EventVenueID":[],"_OrganizerEmail":"","_OrganizerPhone":"","_OrganizerWebsite":"","_VenueAddress":"","_VenueCity":"","_VenueCountry":"","_VenueProvince":"","_VenueState":"","_VenueZip":"","_VenuePhone":"","_VenueURL":"","_VenueStateProvince":"","_VenueLat":"","_VenueLng":"","_VenueShowMap":false,"_VenueShowMapLink":false,"footnotes":""},"categories":[28,35],"tags":[],"class_list":["post-6045","post","type-post","status-publish","format-standard","hentry","category-actualites","category-evenements"],"_links":{"self":[{"href":"http:\/\/sfej.asso.fr\/index.php?rest_route=\/wp\/v2\/posts\/6045","targetHints":{"allow":["GET"]}}],"collection":[{"href":"http:\/\/sfej.asso.fr\/index.php?rest_route=\/wp\/v2\/posts"}],"about":[{"href":"http:\/\/sfej.asso.fr\/index.php?rest_route=\/wp\/v2\/types\/post"}],"author":[{"embeddable":true,"href":"http:\/\/sfej.asso.fr\/index.php?rest_route=\/wp\/v2\/users\/3"}],"replies":[{"embeddable":true,"href":"http:\/\/sfej.asso.fr\/index.php?rest_route=%2Fwp%2Fv2%2Fcomments&post=6045"}],"version-history":[{"count":1,"href":"http:\/\/sfej.asso.fr\/index.php?rest_route=\/wp\/v2\/posts\/6045\/revisions"}],"predecessor-version":[{"id":6046,"href":"http:\/\/sfej.asso.fr\/index.php?rest_route=\/wp\/v2\/posts\/6045\/revisions\/6046"}],"wp:attachment":[{"href":"http:\/\/sfej.asso.fr\/index.php?rest_route=%2Fwp%2Fv2%2Fmedia&parent=6045"}],"wp:term":[{"taxonomy":"category","embeddable":true,"href":"http:\/\/sfej.asso.fr\/index.php?rest_route=%2Fwp%2Fv2%2Fcategories&post=6045"},{"taxonomy":"post_tag","embeddable":true,"href":"http:\/\/sfej.asso.fr\/index.php?rest_route=%2Fwp%2Fv2%2Ftags&post=6045"}],"curies":[{"name":"wp","href":"https:\/\/api.w.org\/{rel}","templated":true}]}}