{"id":6047,"date":"2024-02-28T19:58:40","date_gmt":"2024-02-28T18:58:40","guid":{"rendered":"http:\/\/sfej.asso.fr\/?p=6047"},"modified":"2024-02-28T19:58:41","modified_gmt":"2024-02-28T18:58:41","slug":"appel-a-communicationstraces-et-effacements-a-soumettre-avant-le-15-avril-2024","status":"publish","type":"post","link":"http:\/\/sfej.asso.fr\/?p=6047","title":{"rendered":"[Appel \u00e0 communications]\u00a0\u00bbTraces et Effacements\u00a0\u00bb, \u00e0 soumettre avant le 15 avril 2024"},"content":{"rendered":"\n<p><strong>Le Groupe d\u2019\u00c9tudes Orientales, slaves et n\u00e9o-hell\u00e9niques <\/strong>(GEO) (UR-1340) <strong>de l\u2019Universit\u00e9 de Strasbourg organise le 6 juin 2024 une journ\u00e9e d\u2019\u00e9tude<\/strong> (en format hybride : pr\u00e9sentiel\/distanciel) destin\u00e9e aux doctorants en sciences humaines \u00e0 l\u2019\u00e9chelle nationale.\u00a0<\/p>\n\n\n\n<p>Cette manifestation, concentr\u00e9e sur le th\u00e8me f\u00e9d\u00e9rateur du GEO, \u00ab <strong>Traces et Effacements <\/strong>\u00bb, se d\u00e9clinera autour de trois axes :\u00a0<\/p>\n\n\n\n<ol class=\"wp-block-list\" start=\"1\">\n<li>La Trace comme Vestige<\/li>\n\n\n\n<li>La Trace comme Indice&nbsp;<\/li>\n\n\n\n<li>De la Trace \u00e0 l\u2019Effacement et R\u00e9ciproquement<\/li>\n<\/ol>\n\n\n\n<p>Cette journ\u00e9e d\u2019\u00e9tude est exclusivement ouverte aux doctorants en sciences humaines. Les communications doivent \u00eatre pr\u00e9sent\u00e9es en fran\u00e7ais. Les r\u00e9sum\u00e9s devront comporter entre 300 et 500 mots et \u00eatre accompagn\u00e9s d\u2019une br\u00e8ve biographie retra\u00e7ant le parcours du doctorant. Les propositions devront \u00eatre envoy\u00e9es par e-mail <strong><span style=\"text-decoration: underline;\">d\u2019ici au 15 avril 2024<\/span><\/strong>.<\/p>\n\n\n\n<p>Pour consulter l&rsquo;int\u00e9gralit\u00e9 de l&rsquo;appel, veuillez cliquer&nbsp;<a href=\"https:\/\/www.gis-reseau-asie.org\/sites\/gisasie\/files\/2024-02\/Appel%20a%CC%80%20communications%20juin%202024.pdf\" target=\"_blank\" rel=\"noreferrer noopener\"><strong>ici<\/strong><\/a><\/p>\n","protected":false},"excerpt":{"rendered":"<p>Le Groupe d\u2019\u00c9tudes Orientales, slaves et n\u00e9o-hell\u00e9niques (GEO) (UR-1340) de l\u2019Universit\u00e9 de Strasbourg organise le 6 juin 2024 une journ\u00e9e d\u2019\u00e9tude (en format hybride : pr\u00e9sentiel\/distanciel) destin\u00e9e aux doctorants en sciences humaines \u00e0 l\u2019\u00e9chelle nationale.\u00a0 Cette manifestation, concentr\u00e9e sur le&hellip;&nbsp;<a href=\"http:\/\/sfej.asso.fr\/?p=6047\" class=\"more-link\">Lire la suite<\/a><\/p>\n","protected":false},"author":3,"featured_media":0,"comment_status":"closed","ping_status":"closed","sticky":false,"template":"","format":"standard","meta":{"_EventAllDay":false,"_EventTimezone":"","_EventStartDate":"","_EventEndDate":"","_EventStartDateUTC":"","_EventEndDateUTC":"","_EventShowMap":false,"_EventShowMapLink":false,"_EventURL":"","_EventCost":"","_EventCostDescription":"","_EventCurrencySymbol":"","_EventCurrencyCode":"","_EventCurrencyPosition":"","_EventDateTimeSeparator":"","_EventTimeRangeSeparator":"","_EventOrganizerID":[],"_EventVenueID":[],"_OrganizerEmail":"","_OrganizerPhone":"","_OrganizerWebsite":"","_VenueAddress":"","_VenueCity":"","_VenueCountry":"","_VenueProvince":"","_VenueState":"","_VenueZip":"","_VenuePhone":"","_VenueURL":"","_VenueStateProvince":"","_VenueLat":"","_VenueLng":"","_VenueShowMap":false,"_VenueShowMapLink":false,"footnotes":""},"categories":[28,29],"tags":[],"class_list":["post-6047","post","type-post","status-publish","format-standard","hentry","category-actualites","category-appel"],"_links":{"self":[{"href":"http:\/\/sfej.asso.fr\/index.php?rest_route=\/wp\/v2\/posts\/6047","targetHints":{"allow":["GET"]}}],"collection":[{"href":"http:\/\/sfej.asso.fr\/index.php?rest_route=\/wp\/v2\/posts"}],"about":[{"href":"http:\/\/sfej.asso.fr\/index.php?rest_route=\/wp\/v2\/types\/post"}],"author":[{"embeddable":true,"href":"http:\/\/sfej.asso.fr\/index.php?rest_route=\/wp\/v2\/users\/3"}],"replies":[{"embeddable":true,"href":"http:\/\/sfej.asso.fr\/index.php?rest_route=%2Fwp%2Fv2%2Fcomments&post=6047"}],"version-history":[{"count":1,"href":"http:\/\/sfej.asso.fr\/index.php?rest_route=\/wp\/v2\/posts\/6047\/revisions"}],"predecessor-version":[{"id":6048,"href":"http:\/\/sfej.asso.fr\/index.php?rest_route=\/wp\/v2\/posts\/6047\/revisions\/6048"}],"wp:attachment":[{"href":"http:\/\/sfej.asso.fr\/index.php?rest_route=%2Fwp%2Fv2%2Fmedia&parent=6047"}],"wp:term":[{"taxonomy":"category","embeddable":true,"href":"http:\/\/sfej.asso.fr\/index.php?rest_route=%2Fwp%2Fv2%2Fcategories&post=6047"},{"taxonomy":"post_tag","embeddable":true,"href":"http:\/\/sfej.asso.fr\/index.php?rest_route=%2Fwp%2Fv2%2Ftags&post=6047"}],"curies":[{"name":"wp","href":"https:\/\/api.w.org\/{rel}","templated":true}]}}